{"id":421,"date":"2025-11-06T11:00:29","date_gmt":"2025-11-06T14:00:29","guid":{"rendered":"https:\/\/klxenergy-b3gxhqg8haedbvbh.centralus-01.azurewebsites.net\/?p=421"},"modified":"2025-11-06T11:26:28","modified_gmt":"2025-11-06T14:26:28","slug":"agenda-2030-objetivos-de-desenvolvimento-sustentavel-ods","status":"publish","type":"post","link":"https:\/\/www.velaxenergy.com.br\/?p=421","title":{"rendered":"Agenda 2030: Objetivos de Desenvolvimento Sustent\u00e1vel (ODS)"},"content":{"rendered":"\n<p style=\"font-size:18px\">Os objetivos de desenvolvimento sustent\u00e1vel, mais conhecido pela sigla ODS, \u00e9 um documento formado por 17 objetivos diferentes, estabelecido pela Organiza\u00e7\u00e3o das Na\u00e7\u00f5es Unidas (ONU) e faz parte da agenda mundial assinada por 193 pa\u00edses, incluindo o Brasil. Criado em 2015, os ODS&nbsp; tem como prop\u00f3sito orientar na constru\u00e7\u00e3o e implementa\u00e7\u00e3o de pol\u00edticas p\u00fablicas voltadas \u00e0 promo\u00e7\u00e3o de um desenvolvimento sustent\u00e1vel at\u00e9 o ano de 2030.<\/p>\n\n\n\n<p style=\"font-size:18px\">Existem 4 dimens\u00f5es que fazem parte dos 17 ODS, sendo elas:<br><br>Dimens\u00e3o Social, respons\u00e1vel por tratar das quest\u00f5es que envolvem sa\u00fade, educa\u00e7\u00e3o, igualdade e qualidade de vida.<\/p>\n\n\n\n<p style=\"font-size:18px\">Dimens\u00e3o Ambiental, aborda temas relacionados \u00e0 preserva\u00e7\u00e3o do meio ambiente e biodiversidade, al\u00e9m do enfrentamento \u00e0s mudan\u00e7as clim\u00e1ticas.<\/p>\n\n\n\n<p style=\"font-size:18px\">Dimens\u00e3o Institucional, busca promover justi\u00e7a e paz nas institui\u00e7\u00f5es para que os objetivos de desenvolvimento sustent\u00e1vel sejam alcan\u00e7ados.<\/p>\n\n\n\n<p style=\"font-size:18px\">Dimens\u00e3o Econ\u00f4mica, s\u00e3o desenvolvidas quest\u00f5es referentes ao consumo de energia e produ\u00e7\u00e3o sustent\u00e1vel.<\/p>\n\n\n\n<p style=\"font-size:18px\">Cada uma dessas dimens\u00f5es tem sua import\u00e2ncia para que o desenvolvimento sustent\u00e1vel aconte\u00e7a de forma integrada, apresentando um equil\u00edbrio necess\u00e1rio entre economia, justi\u00e7a social, preserva\u00e7\u00e3o ambiental e fortalecimento das institui\u00e7\u00f5es.&nbsp;<\/p>\n\n\n\n<p style=\"font-size:20px\"><strong><em>Direitos humanos e desenvolvimento sustent\u00e1vel<\/em><\/strong><\/p>\n\n\n\n<p style=\"font-size:18px\">Em 1948, a Organiza\u00e7\u00e3o das Na\u00e7\u00f5es Unidas (ONU) instituiu a Declara\u00e7\u00e3o Universal dos Direitos Humanos. O documento foi elaborado por diferentes origens jur\u00eddicas e culturais do mundo, servindo como um padr\u00e3o comum de direitos para diversas na\u00e7\u00f5es.&nbsp;<\/p>\n\n\n\n<p style=\"font-size:18px\">Os direitos humanos representam um conjunto de garantias universais destinadas a proteger todos os indiv\u00edduos contra qualquer forma de viola\u00e7\u00e3o dos direitos fundamentais.<\/p>\n\n\n\n<p style=\"font-size:18px\">Atualmente, o desenvolvimento sustent\u00e1vel est\u00e1 cada vez mais relacionado com os direitos humanos, pois a garantia de direitos \u00e9 essencial para o alcance dos Objetivos de Desenvolvimentos Sustent\u00e1vel (ODS). Mais do que existirem formalmente, \u00e9 essencial que os direitos sejam promovidos por meio das agendas nacional e internacional. Desta forma, a humanidade se torna capaz de ter um desenvolvimento cada vez mais justo e sustent\u00e1vel.&nbsp;<\/p>\n\n\n\n<p style=\"font-size:20px\"><strong><em>ODS no Brasil<\/em><\/strong><\/p>\n\n\n\n<p style=\"font-size:18px\">O Brasil, assim como outros pa\u00edses envolvidos na Agenda 30, definiu metas nacionais para alcan\u00e7ar esses objetivos.&nbsp;<\/p>\n\n\n\n<p style=\"font-size:18px\">Entre as iniciativas que refor\u00e7am o compromisso do Brasil com os objetivos de desenvolvimento sustent\u00e1vel, est\u00e1 a cria\u00e7\u00e3o do <strong><em>ODS 18<\/em><\/strong> que trata da Igualdade \u00c9tnico-Racial. A proposta foi apresentada na Assembleia Geral da ONU em 2023 e em dezembro do mesmo ano, a Comiss\u00e3o Nacional para os Objetivos de Desenvolvimento Sustent\u00e1vel (CNODS) instituiu a C\u00e2mara Tem\u00e1tica para esse ODS, que \u00e9 respons\u00e1vel pela promo\u00e7\u00e3o da equidade racial e combate ao racismo.<\/p>\n\n\n\n<p style=\"font-size:18px\">Na quest\u00e3o ambiental, a agenda de enfrentamento \u00e0s mudan\u00e7as clim\u00e1ticas passou a atuar de forma integrada \u00e0s pol\u00edticas de desenvolvimento econ\u00f4mico, social e ambiental do pa\u00eds. O <strong><em>Comit\u00ea Interministerial sobre Mudan\u00e7a do Clima (CIM)<\/em><\/strong> foi reformulado, fortalecendo a coordena\u00e7\u00e3o entre os diferentes setores do governo e o <strong><em>Plano Clima<\/em><\/strong> (guia da pol\u00edtica clim\u00e1tica brasileira) est\u00e1 sendo elaborado com participa\u00e7\u00e3o da sociedade, com o objetivo de orientar a\u00e7\u00f5es para a adapta\u00e7\u00e3o \u00e0s mudan\u00e7as clim\u00e1ticas.&nbsp;<\/p>\n\n\n\n<p style=\"font-size:18px\">Al\u00e9m disso, destacamos que as medidas j\u00e1 apresentaram resultados, o desmatamento na Floresta Amaz\u00f4nica e no Cerrado foram reduzidos, reflexo direto do fortalecimento dos \u00f3rg\u00e3os ambientais e da retomada de pol\u00edticas p\u00fablicas voltadas \u00e0 preserva\u00e7\u00e3o e ao uso sustent\u00e1vel dos recursos naturais.<\/p>\n\n\n\n<p style=\"font-size:18px\">Essas a\u00e7\u00f5es demonstram o esfor\u00e7o do Brasil em alinhar crescimento econ\u00f4mico, justi\u00e7a social e preserva\u00e7\u00e3o ambiental, reafirmando seu compromisso com os princ\u00edpios da Agenda 2030 e com a constru\u00e7\u00e3o de um futuro sustent\u00e1vel para as pr\u00f3ximas gera\u00e7\u00f5es.<\/p>\n\n\n\n<p style=\"font-size:18px\">Contudo, alcan\u00e7ar os Objetivos de Desenvolvimento Sustent\u00e1vel exige continuidade, engajamento social e coopera\u00e7\u00e3o entre governos, empresas e a sociedade. Somente com a\u00e7\u00f5es coletivas e comprometimento \u00e9tico ser\u00e1 poss\u00edvel transformar os princ\u00edpios da Agenda 2030 em resultados concretos, garantindo qualidade de vida e justi\u00e7a para as pr\u00f3ximas gera\u00e7\u00f5es.<\/p>\n\n\n\n<p><\/p>\n","protected":false},"excerpt":{"rendered":"<p>Os objetivos de desenvolvimento sustent\u00e1vel, mais conhecido pela sigla ODS, \u00e9 um documento formado por 17 objetivos diferentes, estabelecido pela [&hellip;]<\/p>\n","protected":false},"author":1,"featured_media":422,"comment_status":"closed","ping_status":"open","sticky":false,"template":"","format":"standard","meta":{"_eb_attr":"","_uag_custom_page_level_css":"","site-sidebar-layout":"default","site-content-layout":"","ast-site-content-layout":"default","site-content-style":"default","site-sidebar-style":"default","ast-global-header-display":"","ast-banner-title-visibility":"","ast-main-header-display":"","ast-hfb-above-header-display":"","ast-hfb-below-header-display":"","ast-hfb-mobile-header-display":"","site-post-title":"","ast-breadcrumbs-content":"","ast-featured-img":"","footer-sml-layout":"","theme-transparent-header-meta":"","adv-header-id-meta":"","stick-header-meta":"","header-above-stick-meta":"","header-main-stick-meta":"","header-below-stick-meta":"","astra-migrate-meta-layouts":"default","ast-page-background-enabled":"default","ast-page-background-meta":{"desktop":{"background-color":"var(--ast-global-color-5)","background-image":"","background-repeat":"repeat","background-position":"center center","background-size":"auto","background-attachment":"scroll","background-type":"","background-media":"","overlay-type":"","overlay-color":"","overlay-opacity":"","overlay-gradient":""},"tablet":{"background-color":"","background-image":"","background-repeat":"repeat","background-position":"center center","background-size":"auto","background-attachment":"scroll","background-type":"","background-media":"","overlay-type":"","overlay-color":"","overlay-opacity":"","overlay-gradient":""},"mobile":{"background-color":"","background-image":"","background-repeat":"repeat","background-position":"center center","background-size":"auto","background-attachment":"scroll","background-type":"","background-media":"","overlay-type":"","overlay-color":"","overlay-opacity":"","overlay-gradient":""}},"ast-content-background-meta":{"desktop":{"background-color":"var(--ast-global-color-4)","background-image":"","background-repeat":"repeat","background-position":"center center","background-size":"auto","background-attachment":"scroll","background-type":"","background-media":"","overlay-type":"","overlay-color":"","overlay-opacity":"","overlay-gradient":""},"tablet":{"background-color":"var(--ast-global-color-4)","background-image":"","background-repeat":"repeat","background-position":"center center","background-size":"auto","background-attachment":"scroll","background-type":"","background-media":"","overlay-type":"","overlay-color":"","overlay-opacity":"","overlay-gradient":""},"mobile":{"background-color":"var(--ast-global-color-4)","background-image":"","background-repeat":"repeat","background-position":"center center","background-size":"auto","background-attachment":"scroll","background-type":"","background-media":"","overlay-type":"","overlay-color":"","overlay-opacity":"","overlay-gradient":""}},"footnotes":""},"categories":[1],"tags":[10,6,9,11,5],"class_list":["post-421","post","type-post","status-publish","format-standard","has-post-thumbnail","hentry","category-sem-categoria","tag-agenda-30","tag-klx-energy","tag-ods","tag-onu","tag-sustentabilidade"],"uagb_featured_image_src":{"full":["\/wp-content\/uploads\/2025\/11\/dimensoes-site-1-ODS-scaled.png",2560,1966,false],"thumbnail":["\/wp-content\/uploads\/2025\/11\/dimensoes-site-1-ODS-150x150.png",150,150,true],"medium":["\/wp-content\/uploads\/2025\/11\/dimensoes-site-1-ODS-300x230.png",300,230,true],"medium_large":["\/wp-content\/uploads\/2025\/11\/dimensoes-site-1-ODS-768x590.png",768,590,true],"large":["\/wp-content\/uploads\/2025\/11\/dimensoes-site-1-ODS-1024x786.png",1024,786,true],"1536x1536":["\/wp-content\/uploads\/2025\/11\/dimensoes-site-1-ODS-1536x1180.png",1536,1180,true],"2048x2048":["\/wp-content\/uploads\/2025\/11\/dimensoes-site-1-ODS-2048x1573.png",2048,1573,true],"depicter-thumbnail":["\/wp-content\/uploads\/2025\/11\/dimensoes-site-1-ODS-scaled.png",200,154,false],"ultp_layout_landscape_large":["\/wp-content\/uploads\/2025\/11\/dimensoes-site-1-ODS-1200x800.png",1200,800,true],"ultp_layout_landscape":["\/wp-content\/uploads\/2025\/11\/dimensoes-site-1-ODS-870x570.png",870,570,true],"ultp_layout_portrait":["\/wp-content\/uploads\/2025\/11\/dimensoes-site-1-ODS-600x900.png",600,900,true],"ultp_layout_square":["\/wp-content\/uploads\/2025\/11\/dimensoes-site-1-ODS-600x600.png",600,600,true]},"uagb_author_info":{"display_name":"KLX Energy","author_link":"https:\/\/www.velaxenergy.com.br\/?author=1"},"uagb_comment_info":0,"uagb_excerpt":"Os objetivos de desenvolvimento sustent\u00e1vel, mais conhecido pela sigla ODS, \u00e9 um documento formado por 17 objetivos diferentes, estabelecido pela [&hellip;]","rttpg_featured_image_url":{"full":["\/wp-content\/uploads\/2025\/11\/dimensoes-site-1-ODS-scaled.png",2560,1966,false],"landscape":["\/wp-content\/uploads\/2025\/11\/dimensoes-site-1-ODS-scaled.png",2560,1966,false],"portraits":["\/wp-content\/uploads\/2025\/11\/dimensoes-site-1-ODS-scaled.png",2560,1966,false],"thumbnail":["\/wp-content\/uploads\/2025\/11\/dimensoes-site-1-ODS-150x150.png",150,150,true],"medium":["\/wp-content\/uploads\/2025\/11\/dimensoes-site-1-ODS-300x230.png",300,230,true],"large":["\/wp-content\/uploads\/2025\/11\/dimensoes-site-1-ODS-1024x786.png",1024,786,true],"1536x1536":["\/wp-content\/uploads\/2025\/11\/dimensoes-site-1-ODS-1536x1180.png",1536,1180,true],"2048x2048":["\/wp-content\/uploads\/2025\/11\/dimensoes-site-1-ODS-2048x1573.png",2048,1573,true],"depicter-thumbnail":["\/wp-content\/uploads\/2025\/11\/dimensoes-site-1-ODS-scaled.png",200,154,false],"ultp_layout_landscape_large":["\/wp-content\/uploads\/2025\/11\/dimensoes-site-1-ODS-1200x800.png",1200,800,true],"ultp_layout_landscape":["\/wp-content\/uploads\/2025\/11\/dimensoes-site-1-ODS-870x570.png",870,570,true],"ultp_layout_portrait":["\/wp-content\/uploads\/2025\/11\/dimensoes-site-1-ODS-600x900.png",600,900,true],"ultp_layout_square":["\/wp-content\/uploads\/2025\/11\/dimensoes-site-1-ODS-600x600.png",600,600,true]},"rttpg_author":{"display_name":"KLX Energy","author_link":"https:\/\/www.velaxenergy.com.br\/?author=1"},"rttpg_comment":0,"rttpg_category":"<a href=\"https:\/\/www.velaxenergy.com.br\/?cat=1\" rel=\"category\">Sem categoria<\/a>","rttpg_excerpt":"Os objetivos de desenvolvimento sustent\u00e1vel, mais conhecido pela sigla ODS, \u00e9 um documento formado por 17 objetivos diferentes, estabelecido pela [&hellip;]","_links":{"self":[{"href":"https:\/\/www.velaxenergy.com.br\/index.php?rest_route=\/wp\/v2\/posts\/421","targetHints":{"allow":["GET"]}}],"collection":[{"href":"https:\/\/www.velaxenergy.com.br\/index.php?rest_route=\/wp\/v2\/posts"}],"about":[{"href":"https:\/\/www.velaxenergy.com.br\/index.php?rest_route=\/wp\/v2\/types\/post"}],"author":[{"embeddable":true,"href":"https:\/\/www.velaxenergy.com.br\/index.php?rest_route=\/wp\/v2\/users\/1"}],"replies":[{"embeddable":true,"href":"https:\/\/www.velaxenergy.com.br\/index.php?rest_route=%2Fwp%2Fv2%2Fcomments&post=421"}],"version-history":[{"count":6,"href":"https:\/\/www.velaxenergy.com.br\/index.php?rest_route=\/wp\/v2\/posts\/421\/revisions"}],"predecessor-version":[{"id":481,"href":"https:\/\/www.velaxenergy.com.br\/index.php?rest_route=\/wp\/v2\/posts\/421\/revisions\/481"}],"wp:featuredmedia":[{"embeddable":true,"href":"https:\/\/www.velaxenergy.com.br\/index.php?rest_route=\/wp\/v2\/media\/422"}],"wp:attachment":[{"href":"https:\/\/www.velaxenergy.com.br\/index.php?rest_route=%2Fwp%2Fv2%2Fmedia&parent=421"}],"wp:term":[{"taxonomy":"category","embeddable":true,"href":"https:\/\/www.velaxenergy.com.br\/index.php?rest_route=%2Fwp%2Fv2%2Fcategories&post=421"},{"taxonomy":"post_tag","embeddable":true,"href":"https:\/\/www.velaxenergy.com.br\/index.php?rest_route=%2Fwp%2Fv2%2Ftags&post=421"}],"curies":[{"name":"wp","href":"https:\/\/api.w.org\/{rel}","templated":true}]}}