{"id":427,"date":"2025-10-03T16:00:24","date_gmt":"2025-10-03T19:00:24","guid":{"rendered":"https:\/\/klxenergy-b3gxhqg8haedbvbh.centralus-01.azurewebsites.net\/?p=427"},"modified":"2025-11-06T11:19:01","modified_gmt":"2025-11-06T14:19:01","slug":"como-o-mercado-de-carbono-incentiva-o-desenvolvimento-sustentavel","status":"publish","type":"post","link":"https:\/\/www.velaxenergy.com.br\/?p=427","title":{"rendered":"Como o mercado de carbono incentiva o desenvolvimento sustent\u00e1vel"},"content":{"rendered":"\n<p style=\"font-size:18px\">O mercado de carbono \u00e9 uma estrat\u00e9gia global que estimula setores p\u00fablico e privados \u00e1 contribuir com a agenda clim\u00e1tica, que tem como intuito a diminui\u00e7\u00e3o de emiss\u00f5es de GEE (gases do efeito estufa).&nbsp;<\/p>\n\n\n\n<p style=\"font-size:18px\">No mercado de transa\u00e7\u00f5es comerciais, essa contribui\u00e7\u00e3o passa a ter um valor econ\u00f4mico e foram desenvolvidos para permitir a comercializa\u00e7\u00e3o de cr\u00e9ditos de carbono, cotas e permiss\u00f5es entre diferentes agentes globais, sejam eles participantes volunt\u00e1rios ou comprometidos com o cumprimento de pol\u00edticas destinadas a regular a emiss\u00e3o de gases de efeito estufa (GEE).<\/p>\n\n\n\n<p style=\"font-size:18px\">O funcionamento \u00e9 o seguinte: empresas ou pa\u00edses que emitem menos GEE do que o limite estabelecido em acordos internacionais podem negociar esse excedente na forma de cr\u00e9ditos de carbono. Esses cr\u00e9ditos s\u00e3o adquiridos por outras empresas ou pa\u00edses que ultrapassaram o seu limite estipulado, equilibrando, assim, as emiss\u00f5es globais.<\/p>\n\n\n\n<p style=\"font-size:18px\">A meta dos sistemas de comercializa\u00e7\u00e3o de carbono \u00e9 reduzir a concentra\u00e7\u00e3o de GEE na atmosfera, se alinhando aos compromissos clim\u00e1ticos firmados entre as na\u00e7\u00f5es. Esse movimento teve in\u00edcio com o <strong>Protocolo de Quioto (1997)<\/strong> e ganhou for\u00e7a com o <strong>Acordo de Paris (2015)<\/strong>, que consolidou a coopera\u00e7\u00e3o internacional em torno da neutralidade de carbono.<\/p>\n\n\n\n<p style=\"font-size:20px\"><strong>Qual \u00e9 o valor de um carbono?<\/strong><\/p>\n\n\n\n<p style=\"font-size:18px\">Uma tonelada de di\u00f3xido de carbono equivale (CO2e), corresponde a um cr\u00e9dito. Existem diversas atividades que podem gerar redu\u00e7\u00f5es, desde que sigam padr\u00f5es e metodologias espec\u00edficas de certifica\u00e7\u00e3o.\u00a0\u00a0<\/p>\n\n\n\n<p style=\"font-size:18px\">O valor do carbono pode ser definido por diversas formas, como: o n\u00edvel de demanda, o tipo de mercado (regular ou volunt\u00e1rio), o tipo de projeto respons\u00e1vel pela redu\u00e7\u00e3o das emiss\u00f5es e o per\u00edodo em que a redu\u00e7\u00e3o foi alcan\u00e7ada (conhecida como safra). Essas quest\u00f5es podem influenciar diretamente no pre\u00e7o e na din\u00e2mica das negocia\u00e7\u00f5es do setor.<\/p>\n\n\n\n<p style=\"font-size:20px\"><strong>Como funciona o mercado de carbono no Brasil?<\/strong><\/p>\n\n\n\n<p style=\"font-size:18px\">No contexto nacional, o governo federal criou um decreto para a constru\u00e7\u00e3o da Secret\u00e1ria Extraordin\u00e1ria do Mercado de Carbono, que ser\u00e1 vinculada ao Minist\u00e9rio da Fazenda, respons\u00e1vel pela gest\u00e3o do Sistema Brasileiro de Com\u00e9rcio de Emiss\u00f5es de Gases de Efeito Estufa (SBCE).<br><br>A secret\u00e1ria atuar\u00e1 como \u00f3rg\u00e3o gestor do SBCE. Entre suas fun\u00e7\u00f5es, a secret\u00e1ria ser\u00e1 respons\u00e1vel pela elabora\u00e7\u00e3o de estudos sobre descarboniza\u00e7\u00e3o e impactos econ\u00f4micos, a coordena\u00e7\u00e3o de pol\u00edticas clim\u00e1ticas e a realiza\u00e7\u00e3o de consultas p\u00fablicas voltadas \u00e0 regulamenta\u00e7\u00e3o do setor. Al\u00e9m disso, a secret\u00e1ria tamb\u00e9m ser\u00e1 respons\u00e1vel por representar o Minist\u00e9rio da Fazenda em comit\u00eas ambientais, regular o credenciamento de organismos de inspe\u00e7\u00e3o e divulgar informa\u00e7\u00f5es sobre o mercado de carbono.<\/p>\n\n\n\n<p style=\"font-size:18px\">O SBCE possibilita que as empresas que reduzirem suas emiss\u00f5es poder\u00e3o comercializar cr\u00e9ditos de carbono com aquelas que ainda precisam compensar parte de suas emiss\u00f5es, promovendo o equil\u00edbrio entre a economia e a responsabilidade ambiental.&nbsp;<\/p>\n\n\n\n<p style=\"font-size:18px\">O decreto que cria a Secret\u00e1ria Extraordin\u00e1ria do Mercado de Carbono foi publicado em outubro e entrar\u00e1 em vigor no dia 6 de novembro de 2025, marcando um novo avan\u00e7o para o mercado de carbono no Brasil.&nbsp;<\/p>\n","protected":false},"excerpt":{"rendered":"<p>O mercado de carbono \u00e9 uma estrat\u00e9gia global que estimula setores p\u00fablico e privados \u00e1 contribuir com a agenda clim\u00e1tica, [&hellip;]<\/p>\n","protected":false},"author":1,"featured_media":428,"comment_status":"closed","ping_status":"open","sticky":false,"template":"","format":"standard","meta":{"_eb_attr":"","_uag_custom_page_level_css":"","site-sidebar-layout":"default","site-content-layout":"","ast-site-content-layout":"default","site-content-style":"default","site-sidebar-style":"default","ast-global-header-display":"","ast-banner-title-visibility":"","ast-main-header-display":"","ast-hfb-above-header-display":"","ast-hfb-below-header-display":"","ast-hfb-mobile-header-display":"","site-post-title":"","ast-breadcrumbs-content":"","ast-featured-img":"","footer-sml-layout":"","theme-transparent-header-meta":"","adv-header-id-meta":"","stick-header-meta":"","header-above-stick-meta":"","header-main-stick-meta":"","header-below-stick-meta":"","astra-migrate-meta-layouts":"default","ast-page-background-enabled":"default","ast-page-background-meta":{"desktop":{"background-color":"var(--ast-global-color-5)","background-image":"","background-repeat":"repeat","background-position":"center center","background-size":"auto","background-attachment":"scroll","background-type":"","background-media":"","overlay-type":"","overlay-color":"","overlay-opacity":"","overlay-gradient":""},"tablet":{"background-color":"","background-image":"","background-repeat":"repeat","background-position":"center center","background-size":"auto","background-attachment":"scroll","background-type":"","background-media":"","overlay-type":"","overlay-color":"","overlay-opacity":"","overlay-gradient":""},"mobile":{"background-color":"","background-image":"","background-repeat":"repeat","background-position":"center center","background-size":"auto","background-attachment":"scroll","background-type":"","background-media":"","overlay-type":"","overlay-color":"","overlay-opacity":"","overlay-gradient":""}},"ast-content-background-meta":{"desktop":{"background-color":"var(--ast-global-color-4)","background-image":"","background-repeat":"repeat","background-position":"center center","background-size":"auto","background-attachment":"scroll","background-type":"","background-media":"","overlay-type":"","overlay-color":"","overlay-opacity":"","overlay-gradient":""},"tablet":{"background-color":"var(--ast-global-color-4)","background-image":"","background-repeat":"repeat","background-position":"center center","background-size":"auto","background-attachment":"scroll","background-type":"","background-media":"","overlay-type":"","overlay-color":"","overlay-opacity":"","overlay-gradient":""},"mobile":{"background-color":"var(--ast-global-color-4)","background-image":"","background-repeat":"repeat","background-position":"center center","background-size":"auto","background-attachment":"scroll","background-type":"","background-media":"","overlay-type":"","overlay-color":"","overlay-opacity":"","overlay-gradient":""}},"footnotes":""},"categories":[1],"tags":[7,6,13,5],"class_list":["post-427","post","type-post","status-publish","format-standard","has-post-thumbnail","hentry","category-sem-categoria","tag-brasil","tag-klx-energy","tag-mercado-de-carbono","tag-sustentabilidade"],"uagb_featured_image_src":{"full":["\/wp-content\/uploads\/2025\/11\/dimensoes-site-1CARBONO.png",1250,960,false],"thumbnail":["\/wp-content\/uploads\/2025\/11\/dimensoes-site-1CARBONO-150x150.png",150,150,true],"medium":["\/wp-content\/uploads\/2025\/11\/dimensoes-site-1CARBONO-300x230.png",300,230,true],"medium_large":["\/wp-content\/uploads\/2025\/11\/dimensoes-site-1CARBONO-768x590.png",768,590,true],"large":["\/wp-content\/uploads\/2025\/11\/dimensoes-site-1CARBONO-1024x786.png",1024,786,true],"1536x1536":["\/wp-content\/uploads\/2025\/11\/dimensoes-site-1CARBONO.png",1250,960,false],"2048x2048":["\/wp-content\/uploads\/2025\/11\/dimensoes-site-1CARBONO.png",1250,960,false],"depicter-thumbnail":["\/wp-content\/uploads\/2025\/11\/dimensoes-site-1CARBONO.png",200,154,false],"ultp_layout_landscape_large":["\/wp-content\/uploads\/2025\/11\/dimensoes-site-1CARBONO-1200x800.png",1200,800,true],"ultp_layout_landscape":["\/wp-content\/uploads\/2025\/11\/dimensoes-site-1CARBONO-870x570.png",870,570,true],"ultp_layout_portrait":["\/wp-content\/uploads\/2025\/11\/dimensoes-site-1CARBONO-600x900.png",600,900,true],"ultp_layout_square":["\/wp-content\/uploads\/2025\/11\/dimensoes-site-1CARBONO-600x600.png",600,600,true]},"uagb_author_info":{"display_name":"KLX Energy","author_link":"https:\/\/www.velaxenergy.com.br\/?author=1"},"uagb_comment_info":0,"uagb_excerpt":"O mercado de carbono \u00e9 uma estrat\u00e9gia global que estimula setores p\u00fablico e privados \u00e1 contribuir com a agenda clim\u00e1tica, [&hellip;]","rttpg_featured_image_url":{"full":["\/wp-content\/uploads\/2025\/11\/dimensoes-site-1CARBONO.png",1250,960,false],"landscape":["\/wp-content\/uploads\/2025\/11\/dimensoes-site-1CARBONO.png",1250,960,false],"portraits":["\/wp-content\/uploads\/2025\/11\/dimensoes-site-1CARBONO.png",1250,960,false],"thumbnail":["\/wp-content\/uploads\/2025\/11\/dimensoes-site-1CARBONO-150x150.png",150,150,true],"medium":["\/wp-content\/uploads\/2025\/11\/dimensoes-site-1CARBONO-300x230.png",300,230,true],"large":["\/wp-content\/uploads\/2025\/11\/dimensoes-site-1CARBONO-1024x786.png",1024,786,true],"1536x1536":["\/wp-content\/uploads\/2025\/11\/dimensoes-site-1CARBONO.png",1250,960,false],"2048x2048":["\/wp-content\/uploads\/2025\/11\/dimensoes-site-1CARBONO.png",1250,960,false],"depicter-thumbnail":["\/wp-content\/uploads\/2025\/11\/dimensoes-site-1CARBONO.png",200,154,false],"ultp_layout_landscape_large":["\/wp-content\/uploads\/2025\/11\/dimensoes-site-1CARBONO-1200x800.png",1200,800,true],"ultp_layout_landscape":["\/wp-content\/uploads\/2025\/11\/dimensoes-site-1CARBONO-870x570.png",870,570,true],"ultp_layout_portrait":["\/wp-content\/uploads\/2025\/11\/dimensoes-site-1CARBONO-600x900.png",600,900,true],"ultp_layout_square":["\/wp-content\/uploads\/2025\/11\/dimensoes-site-1CARBONO-600x600.png",600,600,true]},"rttpg_author":{"display_name":"KLX Energy","author_link":"https:\/\/www.velaxenergy.com.br\/?author=1"},"rttpg_comment":0,"rttpg_category":"<a href=\"https:\/\/www.velaxenergy.com.br\/?cat=1\" rel=\"category\">Sem categoria<\/a>","rttpg_excerpt":"O mercado de carbono \u00e9 uma estrat\u00e9gia global que estimula setores p\u00fablico e privados \u00e1 contribuir com a agenda clim\u00e1tica, [&hellip;]","_links":{"self":[{"href":"https:\/\/www.velaxenergy.com.br\/index.php?rest_route=\/wp\/v2\/posts\/427","targetHints":{"allow":["GET"]}}],"collection":[{"href":"https:\/\/www.velaxenergy.com.br\/index.php?rest_route=\/wp\/v2\/posts"}],"about":[{"href":"https:\/\/www.velaxenergy.com.br\/index.php?rest_route=\/wp\/v2\/types\/post"}],"author":[{"embeddable":true,"href":"https:\/\/www.velaxenergy.com.br\/index.php?rest_route=\/wp\/v2\/users\/1"}],"replies":[{"embeddable":true,"href":"https:\/\/www.velaxenergy.com.br\/index.php?rest_route=%2Fwp%2Fv2%2Fcomments&post=427"}],"version-history":[{"count":1,"href":"https:\/\/www.velaxenergy.com.br\/index.php?rest_route=\/wp\/v2\/posts\/427\/revisions"}],"predecessor-version":[{"id":429,"href":"https:\/\/www.velaxenergy.com.br\/index.php?rest_route=\/wp\/v2\/posts\/427\/revisions\/429"}],"wp:featuredmedia":[{"embeddable":true,"href":"https:\/\/www.velaxenergy.com.br\/index.php?rest_route=\/wp\/v2\/media\/428"}],"wp:attachment":[{"href":"https:\/\/www.velaxenergy.com.br\/index.php?rest_route=%2Fwp%2Fv2%2Fmedia&parent=427"}],"wp:term":[{"taxonomy":"category","embeddable":true,"href":"https:\/\/www.velaxenergy.com.br\/index.php?rest_route=%2Fwp%2Fv2%2Fcategories&post=427"},{"taxonomy":"post_tag","embeddable":true,"href":"https:\/\/www.velaxenergy.com.br\/index.php?rest_route=%2Fwp%2Fv2%2Ftags&post=427"}],"curies":[{"name":"wp","href":"https:\/\/api.w.org\/{rel}","templated":true}]}}