{"id":560,"date":"2025-11-07T11:23:18","date_gmt":"2025-11-07T14:23:18","guid":{"rendered":"https:\/\/klxenergy-b3gxhqg8haedbvbh.centralus-01.azurewebsites.net\/?p=560"},"modified":"2025-11-07T11:35:47","modified_gmt":"2025-11-07T14:35:47","slug":"cop30-primeiro-encontro-reune-chefes-de-estado-do-mundo-inteiro","status":"publish","type":"post","link":"https:\/\/www.velaxenergy.com.br\/?p=560","title":{"rendered":"COP30: Primeiro encontro re\u00fane l\u00edderes mundiais"},"content":{"rendered":"\n<p style=\"font-size:18px\">Apesar de come\u00e7ar oficialmente na segunda-feira (10), a COP30 recebeu chefes de estado de toda parte do mundo nesta quarta-feira (06), marcando o come\u00e7o da Confer\u00eancia do Clima com a presen\u00e7a de 127 representantes de seus pa\u00edses para a C\u00fapula dos L\u00edderes.&nbsp;<\/p>\n\n\n\n<p style=\"font-size:18px\">O Pavilh\u00e3o da COP est\u00e1 dividido em duas zonas, a Azul e Verde. Na \u2018Zona Azul\u2019, \u00e9 uma \u00e1rea controlada pela Organiza\u00e7\u00e3o das Na\u00e7\u00f5es Unidas (ONU), onde entram as delega\u00e7\u00f5es e jornalistas para apurarem o que est\u00e1 acontecendo. J\u00e1 na \u2018Zona Verde\u2019, ficam a sociedade civil, comunidades ind\u00edgenas e ONGs promovendo o debate p\u00fablico.<br><br>A C\u00fapula dos L\u00edderes dura dois dias, \u00e9 o momento onde chefes de estado fazem seus discursos e contam sobre o que pensam em rela\u00e7\u00e3o \u00e0s mudan\u00e7as clim\u00e1ticas, ap\u00f3s isso v\u00e3o embora e deixam seus diplomatas discutirem e decidirem o que ser\u00e1 feito.<\/p>\n\n\n\n<p style=\"font-size:18px\">O secret\u00e1rio geral da ONU, Ant\u00f3nio Guterres, afirmou que falhamos em garantir que o aquecimento da Terra seria mantido em menos de 1,5\u00baC, como j\u00e1 tinha sido combinado na COP21, que foi realizada em Paris, e que isso \u00e9 uma falha moral. Em 2024, o mundo j\u00e1 tinha registrado m\u00e9dias de temperatura acima disso, e foi divulgado um relat\u00f3rio que mostrou que a m\u00e9dia entre os meses de janeiro a agosto foi acima de 1,42\u00baC.<\/p>\n\n\n\n<p style=\"font-size:20px\"><strong><em>Brasil na COP30<\/em><\/strong><\/p>\n\n\n\n<p style=\"font-size:18px\">Na abertura da C\u00fapula dos L\u00edderes, o presidente Lula ressaltou ser poss\u00edvel frear o aquecimento global, dizendo: \u201cEstou convencido de que, apesar das nossas dificuldades e contradi\u00e7\u00f5es, precisamos de mapas do caminho para, de forma planejada e justa, reverter o desmatamento, superar a depend\u00eancia dos combust\u00edveis f\u00f3sseis e mobilizar os recursos necess\u00e1rios para esses objetivos.\u201d<br><br>Al\u00e9m disso, o presidente Lula foi anfitri\u00e3o de um almo\u00e7o com os chefes de estado e anunciou o lan\u00e7amento do Fundo Florestas Tropicais Pra Sempre &#8211; na sigla em ingl\u00eas, TFFF, sendo uma grande iniciativa do governo brasileiro nessa COP. A ideia do Fundo \u00e9 captar investimentos p\u00fablicos e privados a juros reduzidos e aplicar em projetos de maior retorno, e ent\u00e3o, o rendimento dessas aplica\u00e7\u00f5es ser\u00e1 repartido entre os investidores e os pa\u00edses que mantiveram as florestas conservadas.\u00a0<\/p>\n\n\n\n<p style=\"font-size:18px\">At\u00e9 o momento, cerca de 50 pa\u00edses manifestaram interesse em participar. Nos pr\u00f3ximos dias, o Brasil tem o objetivo de convencer esses pa\u00edses a contribu\u00edrem, e assim, arrecadar US$ 25 bilh\u00f5es em recursos p\u00fablicos.<\/p>\n\n\n\n<p style=\"font-size:18px\">Destacamos que a realiza\u00e7\u00e3o da COP30 em Bel\u00e9m (PA), localizado na maior floresta tropical do mundo, marca um passo importante na constru\u00e7\u00e3o de pol\u00edticas e parcerias globais que s\u00e3o capazes de impulsionar um futuro mais sustent\u00e1vel, equilibrado e respons\u00e1vel.&nbsp;<\/p>\n","protected":false},"excerpt":{"rendered":"<p>Apesar de come\u00e7ar oficialmente na segunda-feira (10), a COP30 recebeu chefes de estado de toda parte do mundo nesta quarta-feira [&hellip;]<\/p>\n","protected":false},"author":1,"featured_media":561,"comment_status":"closed","ping_status":"open","sticky":false,"template":"","format":"standard","meta":{"_eb_attr":"","_uag_custom_page_level_css":"","site-sidebar-layout":"default","site-content-layout":"","ast-site-content-layout":"default","site-content-style":"default","site-sidebar-style":"default","ast-global-header-display":"","ast-banner-title-visibility":"","ast-main-header-display":"","ast-hfb-above-header-display":"","ast-hfb-below-header-display":"","ast-hfb-mobile-header-display":"","site-post-title":"","ast-breadcrumbs-content":"","ast-featured-img":"","footer-sml-layout":"","theme-transparent-header-meta":"","adv-header-id-meta":"","stick-header-meta":"","header-above-stick-meta":"","header-main-stick-meta":"","header-below-stick-meta":"","astra-migrate-meta-layouts":"default","ast-page-background-enabled":"default","ast-page-background-meta":{"desktop":{"background-color":"var(--ast-global-color-5)","background-image":"","background-repeat":"repeat","background-position":"center center","background-size":"auto","background-attachment":"scroll","background-type":"","background-media":"","overlay-type":"","overlay-color":"","overlay-opacity":"","overlay-gradient":""},"tablet":{"background-color":"","background-image":"","background-repeat":"repeat","background-position":"center center","background-size":"auto","background-attachment":"scroll","background-type":"","background-media":"","overlay-type":"","overlay-color":"","overlay-opacity":"","overlay-gradient":""},"mobile":{"background-color":"","background-image":"","background-repeat":"repeat","background-position":"center center","background-size":"auto","background-attachment":"scroll","background-type":"","background-media":"","overlay-type":"","overlay-color":"","overlay-opacity":"","overlay-gradient":""}},"ast-content-background-meta":{"desktop":{"background-color":"var(--ast-global-color-4)","background-image":"","background-repeat":"repeat","background-position":"center center","background-size":"auto","background-attachment":"scroll","background-type":"","background-media":"","overlay-type":"","overlay-color":"","overlay-opacity":"","overlay-gradient":""},"tablet":{"background-color":"var(--ast-global-color-4)","background-image":"","background-repeat":"repeat","background-position":"center center","background-size":"auto","background-attachment":"scroll","background-type":"","background-media":"","overlay-type":"","overlay-color":"","overlay-opacity":"","overlay-gradient":""},"mobile":{"background-color":"var(--ast-global-color-4)","background-image":"","background-repeat":"repeat","background-position":"center center","background-size":"auto","background-attachment":"scroll","background-type":"","background-media":"","overlay-type":"","overlay-color":"","overlay-opacity":"","overlay-gradient":""}},"footnotes":""},"categories":[1],"tags":[19,7,18,6],"class_list":["post-560","post","type-post","status-publish","format-standard","has-post-thumbnail","hentry","category-sem-categoria","tag-aquecimento-global","tag-brasil","tag-cop30","tag-klx-energy"],"uagb_featured_image_src":{"full":["\/wp-content\/uploads\/2025\/11\/dimensoes-site-9-scaled.png",2560,1966,false],"thumbnail":["\/wp-content\/uploads\/2025\/11\/dimensoes-site-9-150x150.png",150,150,true],"medium":["\/wp-content\/uploads\/2025\/11\/dimensoes-site-9-300x230.png",300,230,true],"medium_large":["\/wp-content\/uploads\/2025\/11\/dimensoes-site-9-768x590.png",768,590,true],"large":["\/wp-content\/uploads\/2025\/11\/dimensoes-site-9-1024x786.png",1024,786,true],"1536x1536":["\/wp-content\/uploads\/2025\/11\/dimensoes-site-9-1536x1179.png",1536,1179,true],"2048x2048":["\/wp-content\/uploads\/2025\/11\/dimensoes-site-9-2048x1573.png",2048,1573,true],"depicter-thumbnail":["\/wp-content\/uploads\/2025\/11\/dimensoes-site-9-scaled.png",200,154,false],"ultp_layout_landscape_large":["\/wp-content\/uploads\/2025\/11\/dimensoes-site-9-1200x800.png",1200,800,true],"ultp_layout_landscape":["\/wp-content\/uploads\/2025\/11\/dimensoes-site-9-870x570.png",870,570,true],"ultp_layout_portrait":["\/wp-content\/uploads\/2025\/11\/dimensoes-site-9-600x900.png",600,900,true],"ultp_layout_square":["\/wp-content\/uploads\/2025\/11\/dimensoes-site-9-600x600.png",600,600,true]},"uagb_author_info":{"display_name":"KLX Energy","author_link":"https:\/\/www.velaxenergy.com.br\/?author=1"},"uagb_comment_info":0,"uagb_excerpt":"Apesar de come\u00e7ar oficialmente na segunda-feira (10), a COP30 recebeu chefes de estado de toda parte do mundo nesta quarta-feira [&hellip;]","rttpg_featured_image_url":{"full":["\/wp-content\/uploads\/2025\/11\/dimensoes-site-9-scaled.png",2560,1966,false],"landscape":["\/wp-content\/uploads\/2025\/11\/dimensoes-site-9-scaled.png",2560,1966,false],"portraits":["\/wp-content\/uploads\/2025\/11\/dimensoes-site-9-scaled.png",2560,1966,false],"thumbnail":["\/wp-content\/uploads\/2025\/11\/dimensoes-site-9-150x150.png",150,150,true],"medium":["\/wp-content\/uploads\/2025\/11\/dimensoes-site-9-300x230.png",300,230,true],"large":["\/wp-content\/uploads\/2025\/11\/dimensoes-site-9-1024x786.png",1024,786,true],"1536x1536":["\/wp-content\/uploads\/2025\/11\/dimensoes-site-9-1536x1179.png",1536,1179,true],"2048x2048":["\/wp-content\/uploads\/2025\/11\/dimensoes-site-9-2048x1573.png",2048,1573,true],"depicter-thumbnail":["\/wp-content\/uploads\/2025\/11\/dimensoes-site-9-scaled.png",200,154,false],"ultp_layout_landscape_large":["\/wp-content\/uploads\/2025\/11\/dimensoes-site-9-1200x800.png",1200,800,true],"ultp_layout_landscape":["\/wp-content\/uploads\/2025\/11\/dimensoes-site-9-870x570.png",870,570,true],"ultp_layout_portrait":["\/wp-content\/uploads\/2025\/11\/dimensoes-site-9-600x900.png",600,900,true],"ultp_layout_square":["\/wp-content\/uploads\/2025\/11\/dimensoes-site-9-600x600.png",600,600,true]},"rttpg_author":{"display_name":"KLX Energy","author_link":"https:\/\/www.velaxenergy.com.br\/?author=1"},"rttpg_comment":0,"rttpg_category":"<a href=\"https:\/\/www.velaxenergy.com.br\/?cat=1\" rel=\"category\">Sem categoria<\/a>","rttpg_excerpt":"Apesar de come\u00e7ar oficialmente na segunda-feira (10), a COP30 recebeu chefes de estado de toda parte do mundo nesta quarta-feira [&hellip;]","_links":{"self":[{"href":"https:\/\/www.velaxenergy.com.br\/index.php?rest_route=\/wp\/v2\/posts\/560","targetHints":{"allow":["GET"]}}],"collection":[{"href":"https:\/\/www.velaxenergy.com.br\/index.php?rest_route=\/wp\/v2\/posts"}],"about":[{"href":"https:\/\/www.velaxenergy.com.br\/index.php?rest_route=\/wp\/v2\/types\/post"}],"author":[{"embeddable":true,"href":"https:\/\/www.velaxenergy.com.br\/index.php?rest_route=\/wp\/v2\/users\/1"}],"replies":[{"embeddable":true,"href":"https:\/\/www.velaxenergy.com.br\/index.php?rest_route=%2Fwp%2Fv2%2Fcomments&post=560"}],"version-history":[{"count":4,"href":"https:\/\/www.velaxenergy.com.br\/index.php?rest_route=\/wp\/v2\/posts\/560\/revisions"}],"predecessor-version":[{"id":567,"href":"https:\/\/www.velaxenergy.com.br\/index.php?rest_route=\/wp\/v2\/posts\/560\/revisions\/567"}],"wp:featuredmedia":[{"embeddable":true,"href":"https:\/\/www.velaxenergy.com.br\/index.php?rest_route=\/wp\/v2\/media\/561"}],"wp:attachment":[{"href":"https:\/\/www.velaxenergy.com.br\/index.php?rest_route=%2Fwp%2Fv2%2Fmedia&parent=560"}],"wp:term":[{"taxonomy":"category","embeddable":true,"href":"https:\/\/www.velaxenergy.com.br\/index.php?rest_route=%2Fwp%2Fv2%2Fcategories&post=560"},{"taxonomy":"post_tag","embeddable":true,"href":"https:\/\/www.velaxenergy.com.br\/index.php?rest_route=%2Fwp%2Fv2%2Ftags&post=560"}],"curies":[{"name":"wp","href":"https:\/\/api.w.org\/{rel}","templated":true}]}}