{"id":798,"date":"2025-11-17T11:24:22","date_gmt":"2025-11-17T14:24:22","guid":{"rendered":"https:\/\/klxenergy-b3gxhqg8haedbvbh.centralus-01.azurewebsites.net\/?p=798"},"modified":"2025-11-17T11:24:36","modified_gmt":"2025-11-17T14:24:36","slug":"parque-solar-municipal-em-palmas-to-e-destaque-na-cop-30","status":"publish","type":"post","link":"https:\/\/www.velaxenergy.com.br\/?p=798","title":{"rendered":"Parque Solar Municipal em Palmas (TO) \u00e9 destaque na COP 30"},"content":{"rendered":"\n<p style=\"font-size:18px\">O presidente da Funda\u00e7\u00e3o Municipal de Meio Ambiente (FMA), Isac Braz da Cunha, apresentou neste s\u00e1bado (15) o projeto \u201cParque Solar Municipal de Palmas\u201d durante o painel tem\u00e1tico: \u201cClima e Energia: Solu\u00e7\u00f5es inovadoras para o contexto Amaz\u00f4nico\u201d na COP 30, principal confer\u00eancia mundial sobre clima, que est\u00e1 sendo realizada em Bel\u00e9m (PA). O painel \u00e9 respons\u00e1vel por reunir iniciativas que promovem a sustentabilidade e a transi\u00e7\u00e3o energ\u00e9tica, fortalecendo a troca de conhecimentos e experi\u00eancias para um desenvolvimento sustent\u00e1vel.<\/p>\n\n\n\n<p style=\"font-size:18px\">A Prefeitura de Palmas (TO) conta atualmente com cinco usinas solares fotovoltaicas instaladas em pontos estrat\u00e9gicos da cidade. Juntas, elas produzem cerca de 540 kWh (quilowatt\/por hora), energia suficiente para abastecer 23 pr\u00e9dios p\u00fablicos municipais. Al\u00e9m disso, o uso da energia solar tamb\u00e9m representa uma economia de aproximadamente R$444 mil por m\u00eas aos cofres p\u00fablicos, se consolidando como uma das principais refer\u00eancias nacionais no uso de energia limpa na gest\u00e3o p\u00fablica.<\/p>\n\n\n\n<p style=\"font-size:18px\">De acordo com Isac Braz da Cunha, o Parque Solar Municipal contribui diretamente para a redu\u00e7\u00e3o de gastos com energia, estimula a economia local e fortalece a gera\u00e7\u00e3o de empregos verdes, aqueles voltados para a preserva\u00e7\u00e3o e recupera\u00e7\u00e3o do meio ambiente. Dessa forma, o projeto reafirma o compromisso do Munic\u00edpio de Palmas com a constru\u00e7\u00e3o de um futuro mais sustent\u00e1vel.<\/p>\n\n\n\n<p style=\"font-size:18px\">O Parque Solar \u00e9 composto por 8.110 pain\u00e9is fotovoltaicos e 49 inversores, distribu\u00eddos entre as cinco usinas que j\u00e1 est\u00e3o em opera\u00e7\u00e3o. \u00c9 importante ressaltar que 95% da \u00e1rea utilizada pelo Parque Solar estava degradada, em raz\u00e3o de eros\u00f5es e impactos de chuvas anteriores. Com a implanta\u00e7\u00e3o do Parque, a capital tocantinense passou a evitar mais de 3.100 toneladas de emiss\u00f5es de CO2 por ano, sendo equivalente ao plantio de 22.115 \u00e1rvores, quando comparado a fontes de energia n\u00e3o renov\u00e1veis.<\/p>\n","protected":false},"excerpt":{"rendered":"<p>O presidente da Funda\u00e7\u00e3o Municipal de Meio Ambiente (FMA), Isac Braz da Cunha, apresentou neste s\u00e1bado (15) o projeto \u201cParque [&hellip;]<\/p>\n","protected":false},"author":1,"featured_media":799,"comment_status":"closed","ping_status":"open","sticky":false,"template":"","format":"standard","meta":{"_eb_attr":"","_uag_custom_page_level_css":"","site-sidebar-layout":"default","site-content-layout":"","ast-site-content-layout":"default","site-content-style":"default","site-sidebar-style":"default","ast-global-header-display":"","ast-banner-title-visibility":"","ast-main-header-display":"","ast-hfb-above-header-display":"","ast-hfb-below-header-display":"","ast-hfb-mobile-header-display":"","site-post-title":"","ast-breadcrumbs-content":"","ast-featured-img":"","footer-sml-layout":"","theme-transparent-header-meta":"","adv-header-id-meta":"","stick-header-meta":"","header-above-stick-meta":"","header-main-stick-meta":"","header-below-stick-meta":"","astra-migrate-meta-layouts":"default","ast-page-background-enabled":"default","ast-page-background-meta":{"desktop":{"background-color":"var(--ast-global-color-5)","background-image":"","background-repeat":"repeat","background-position":"center center","background-size":"auto","background-attachment":"scroll","background-type":"","background-media":"","overlay-type":"","overlay-color":"","overlay-opacity":"","overlay-gradient":""},"tablet":{"background-color":"","background-image":"","background-repeat":"repeat","background-position":"center center","background-size":"auto","background-attachment":"scroll","background-type":"","background-media":"","overlay-type":"","overlay-color":"","overlay-opacity":"","overlay-gradient":""},"mobile":{"background-color":"","background-image":"","background-repeat":"repeat","background-position":"center center","background-size":"auto","background-attachment":"scroll","background-type":"","background-media":"","overlay-type":"","overlay-color":"","overlay-opacity":"","overlay-gradient":""}},"ast-content-background-meta":{"desktop":{"background-color":"var(--ast-global-color-4)","background-image":"","background-repeat":"repeat","background-position":"center center","background-size":"auto","background-attachment":"scroll","background-type":"","background-media":"","overlay-type":"","overlay-color":"","overlay-opacity":"","overlay-gradient":""},"tablet":{"background-color":"var(--ast-global-color-4)","background-image":"","background-repeat":"repeat","background-position":"center center","background-size":"auto","background-attachment":"scroll","background-type":"","background-media":"","overlay-type":"","overlay-color":"","overlay-opacity":"","overlay-gradient":""},"mobile":{"background-color":"var(--ast-global-color-4)","background-image":"","background-repeat":"repeat","background-position":"center center","background-size":"auto","background-attachment":"scroll","background-type":"","background-media":"","overlay-type":"","overlay-color":"","overlay-opacity":"","overlay-gradient":""}},"footnotes":""},"categories":[1],"tags":[7,25,8,6],"class_list":["post-798","post","type-post","status-publish","format-standard","has-post-thumbnail","hentry","category-sem-categoria","tag-brasil","tag-cop-30","tag-energia-limpa","tag-klx-energy"],"uagb_featured_image_src":{"full":["\/wp-content\/uploads\/2025\/11\/dimensoes-site-scaled.png",2560,1966,false],"thumbnail":["\/wp-content\/uploads\/2025\/11\/dimensoes-site-150x150.png",150,150,true],"medium":["\/wp-content\/uploads\/2025\/11\/dimensoes-site-300x230.png",300,230,true],"medium_large":["\/wp-content\/uploads\/2025\/11\/dimensoes-site-768x590.png",768,590,true],"large":["\/wp-content\/uploads\/2025\/11\/dimensoes-site-1024x786.png",1024,786,true],"1536x1536":["\/wp-content\/uploads\/2025\/11\/dimensoes-site-1536x1179.png",1536,1179,true],"2048x2048":["\/wp-content\/uploads\/2025\/11\/dimensoes-site-2048x1573.png",2048,1573,true],"depicter-thumbnail":["\/wp-content\/uploads\/2025\/11\/dimensoes-site-200x154.png",200,154,true],"ultp_layout_landscape_large":["\/wp-content\/uploads\/2025\/11\/dimensoes-site-1200x800.png",1200,800,true],"ultp_layout_landscape":["\/wp-content\/uploads\/2025\/11\/dimensoes-site-870x570.png",870,570,true],"ultp_layout_portrait":["\/wp-content\/uploads\/2025\/11\/dimensoes-site-600x900.png",600,900,true],"ultp_layout_square":["\/wp-content\/uploads\/2025\/11\/dimensoes-site-600x600.png",600,600,true]},"uagb_author_info":{"display_name":"KLX Energy","author_link":"https:\/\/www.velaxenergy.com.br\/?author=1"},"uagb_comment_info":0,"uagb_excerpt":"O presidente da Funda\u00e7\u00e3o Municipal de Meio Ambiente (FMA), Isac Braz da Cunha, apresentou neste s\u00e1bado (15) o projeto \u201cParque [&hellip;]","rttpg_featured_image_url":{"full":["\/wp-content\/uploads\/2025\/11\/dimensoes-site-scaled.png",2560,1966,false],"landscape":["\/wp-content\/uploads\/2025\/11\/dimensoes-site-scaled.png",2560,1966,false],"portraits":["\/wp-content\/uploads\/2025\/11\/dimensoes-site-scaled.png",2560,1966,false],"thumbnail":["\/wp-content\/uploads\/2025\/11\/dimensoes-site-150x150.png",150,150,true],"medium":["\/wp-content\/uploads\/2025\/11\/dimensoes-site-300x230.png",300,230,true],"large":["\/wp-content\/uploads\/2025\/11\/dimensoes-site-1024x786.png",1024,786,true],"1536x1536":["\/wp-content\/uploads\/2025\/11\/dimensoes-site-1536x1179.png",1536,1179,true],"2048x2048":["\/wp-content\/uploads\/2025\/11\/dimensoes-site-2048x1573.png",2048,1573,true],"depicter-thumbnail":["\/wp-content\/uploads\/2025\/11\/dimensoes-site-200x154.png",200,154,true],"ultp_layout_landscape_large":["\/wp-content\/uploads\/2025\/11\/dimensoes-site-1200x800.png",1200,800,true],"ultp_layout_landscape":["\/wp-content\/uploads\/2025\/11\/dimensoes-site-870x570.png",870,570,true],"ultp_layout_portrait":["\/wp-content\/uploads\/2025\/11\/dimensoes-site-600x900.png",600,900,true],"ultp_layout_square":["\/wp-content\/uploads\/2025\/11\/dimensoes-site-600x600.png",600,600,true]},"rttpg_author":{"display_name":"KLX Energy","author_link":"https:\/\/www.velaxenergy.com.br\/?author=1"},"rttpg_comment":0,"rttpg_category":"<a href=\"https:\/\/www.velaxenergy.com.br\/?cat=1\" rel=\"category\">Sem categoria<\/a>","rttpg_excerpt":"O presidente da Funda\u00e7\u00e3o Municipal de Meio Ambiente (FMA), Isac Braz da Cunha, apresentou neste s\u00e1bado (15) o projeto \u201cParque [&hellip;]","_links":{"self":[{"href":"https:\/\/www.velaxenergy.com.br\/index.php?rest_route=\/wp\/v2\/posts\/798","targetHints":{"allow":["GET"]}}],"collection":[{"href":"https:\/\/www.velaxenergy.com.br\/index.php?rest_route=\/wp\/v2\/posts"}],"about":[{"href":"https:\/\/www.velaxenergy.com.br\/index.php?rest_route=\/wp\/v2\/types\/post"}],"author":[{"embeddable":true,"href":"https:\/\/www.velaxenergy.com.br\/index.php?rest_route=\/wp\/v2\/users\/1"}],"replies":[{"embeddable":true,"href":"https:\/\/www.velaxenergy.com.br\/index.php?rest_route=%2Fwp%2Fv2%2Fcomments&post=798"}],"version-history":[{"count":2,"href":"https:\/\/www.velaxenergy.com.br\/index.php?rest_route=\/wp\/v2\/posts\/798\/revisions"}],"predecessor-version":[{"id":801,"href":"https:\/\/www.velaxenergy.com.br\/index.php?rest_route=\/wp\/v2\/posts\/798\/revisions\/801"}],"wp:featuredmedia":[{"embeddable":true,"href":"https:\/\/www.velaxenergy.com.br\/index.php?rest_route=\/wp\/v2\/media\/799"}],"wp:attachment":[{"href":"https:\/\/www.velaxenergy.com.br\/index.php?rest_route=%2Fwp%2Fv2%2Fmedia&parent=798"}],"wp:term":[{"taxonomy":"category","embeddable":true,"href":"https:\/\/www.velaxenergy.com.br\/index.php?rest_route=%2Fwp%2Fv2%2Fcategories&post=798"},{"taxonomy":"post_tag","embeddable":true,"href":"https:\/\/www.velaxenergy.com.br\/index.php?rest_route=%2Fwp%2Fv2%2Ftags&post=798"}],"curies":[{"name":"wp","href":"https:\/\/api.w.org\/{rel}","templated":true}]}}