{"id":810,"date":"2025-11-19T15:14:28","date_gmt":"2025-11-19T18:14:28","guid":{"rendered":"https:\/\/klxenergy-b3gxhqg8haedbvbh.centralus-01.azurewebsites.net\/?p=810"},"modified":"2025-11-19T15:15:27","modified_gmt":"2025-11-19T18:15:27","slug":"estado-do-mato-grosso-do-sul-confirma-a-implementacao-de-tres-megas-usinas-de-energia-solar","status":"publish","type":"post","link":"https:\/\/www.velaxenergy.com.br\/?p=810","title":{"rendered":"Estado do Mato Grosso do Sul confirma a implementa\u00e7\u00e3o de tr\u00eas megas usinas de energia solar"},"content":{"rendered":"\n<p style=\"font-size:18px\">O Governo do Mato Grosso do Sul ir\u00e1 implantar tr\u00eas novas usinas de energia solar no estado. A implementa\u00e7\u00e3o acontecer\u00e1 simultaneamente nas regi\u00f5es de Campo Grande, Parana\u00edba e em Para\u00edso das \u00c1guas, as duas primeiras est\u00e3o previstas para come\u00e7ar a operar em junho e julho de 2026, enquanto a terceira em setembro de 2027.<\/p>\n\n\n\n<p style=\"font-size:18px\">De acordo com estimativas do Governo de Mato Grosso do Sul, as tr\u00eas mega usinas em implanta\u00e7\u00e3o dever\u00e3o ter a capacidade para atender at\u00e9 63% do consumo atual de energia el\u00e9trica do estado. Com esse avan\u00e7o, o Governo passa a fazer parte do grupo dos dez maiores geradores de energia solar do Brasil.<\/p>\n\n\n\n<p style=\"font-size:18px\">Para o secret\u00e1rio de Meio Ambiente, Desenvolvimento, Ci\u00eancia, Tecnologia e Inova\u00e7\u00e3o, Jaime Verruck, o empreendimento refor\u00e7a o planejamento estrat\u00e9gico estadual, no qual a expans\u00e3o da oferta de energia \u00e9 considerada fundamental para sustentar o crescimento econ\u00f4mico. Ele tamb\u00e9m destaca que a iniciativa faz parte das metas do \u201cPrograma MS Renov\u00e1vel\u201d, que \u00e9 voltado \u00e0 amplia\u00e7\u00e3o da matriz energ\u00e9tica para fontes renov\u00e1veis no territ\u00f3rio sul-mato-grossense.<\/p>\n\n\n\n<p style=\"font-size:18px\">Ressaltamos que o Estado de Mato Grosso do Sul j\u00e1 ocupa posi\u00e7\u00e3o de lideran\u00e7a nacional na produ\u00e7\u00e3o de energia a partir da biomassa da cana-de-a\u00e7\u00facar e de florestas plantadas.&nbsp;<\/p>\n\n\n\n<p style=\"font-size:20px\"><strong><em>Benef\u00edcios Sociais<\/em><\/strong><\/p>\n\n\n\n<p style=\"font-size:18px\">Durante o andamento das obras, os tr\u00eas empreendimentos devem gerar mais de 4 mil postos de trabalho. Todos os projetos foram devidamente licenciados pelo Imasul (Instituto de Meio Ambiente de Mato Grosso do Sul) e destinaram mais de R$25 milh\u00f5es em compensa\u00e7\u00e3o ambiental, al\u00e9m de adotarem medidas de diminui\u00e7\u00e3o de gases de efeito estufa previstos na legisla\u00e7\u00e3o.<\/p>\n","protected":false},"excerpt":{"rendered":"<p>O Governo do Mato Grosso do Sul ir\u00e1 implantar tr\u00eas novas usinas de energia solar no estado. A implementa\u00e7\u00e3o acontecer\u00e1 [&hellip;]<\/p>\n","protected":false},"author":1,"featured_media":811,"comment_status":"closed","ping_status":"open","sticky":false,"template":"","format":"standard","meta":{"_eb_attr":"","_uag_custom_page_level_css":"","site-sidebar-layout":"default","site-content-layout":"","ast-site-content-layout":"normal-width-container","site-content-style":"default","site-sidebar-style":"default","ast-global-header-display":"","ast-banner-title-visibility":"","ast-main-header-display":"","ast-hfb-above-header-display":"","ast-hfb-below-header-display":"","ast-hfb-mobile-header-display":"","site-post-title":"","ast-breadcrumbs-content":"","ast-featured-img":"","footer-sml-layout":"","theme-transparent-header-meta":"","adv-header-id-meta":"","stick-header-meta":"","header-above-stick-meta":"","header-main-stick-meta":"","header-below-stick-meta":"","astra-migrate-meta-layouts":"default","ast-page-background-enabled":"default","ast-page-background-meta":{"desktop":{"background-color":"var(--ast-global-color-5)","background-image":"","background-repeat":"repeat","background-position":"center center","background-size":"auto","background-attachment":"scroll","background-type":"","background-media":"","overlay-type":"","overlay-color":"","overlay-opacity":"","overlay-gradient":""},"tablet":{"background-color":"","background-image":"","background-repeat":"repeat","background-position":"center center","background-size":"auto","background-attachment":"scroll","background-type":"","background-media":"","overlay-type":"","overlay-color":"","overlay-opacity":"","overlay-gradient":""},"mobile":{"background-color":"","background-image":"","background-repeat":"repeat","background-position":"center center","background-size":"auto","background-attachment":"scroll","background-type":"","background-media":"","overlay-type":"","overlay-color":"","overlay-opacity":"","overlay-gradient":""}},"ast-content-background-meta":{"desktop":{"background-color":"var(--ast-global-color-4)","background-image":"","background-repeat":"repeat","background-position":"center center","background-size":"auto","background-attachment":"scroll","background-type":"","background-media":"","overlay-type":"","overlay-color":"","overlay-opacity":"","overlay-gradient":""},"tablet":{"background-color":"var(--ast-global-color-4)","background-image":"","background-repeat":"repeat","background-position":"center center","background-size":"auto","background-attachment":"scroll","background-type":"","background-media":"","overlay-type":"","overlay-color":"","overlay-opacity":"","overlay-gradient":""},"mobile":{"background-color":"var(--ast-global-color-4)","background-image":"","background-repeat":"repeat","background-position":"center center","background-size":"auto","background-attachment":"scroll","background-type":"","background-media":"","overlay-type":"","overlay-color":"","overlay-opacity":"","overlay-gradient":""}},"footnotes":""},"categories":[1],"tags":[7,26,6,5],"class_list":["post-810","post","type-post","status-publish","format-standard","has-post-thumbnail","hentry","category-sem-categoria","tag-brasil","tag-energia-solar","tag-klx-energy","tag-sustentabilidade"],"uagb_featured_image_src":{"full":["\/wp-content\/uploads\/2025\/11\/dimensoes-site-3.png",1250,960,false],"thumbnail":["\/wp-content\/uploads\/2025\/11\/dimensoes-site-3-150x150.png",150,150,true],"medium":["\/wp-content\/uploads\/2025\/11\/dimensoes-site-3-300x230.png",300,230,true],"medium_large":["\/wp-content\/uploads\/2025\/11\/dimensoes-site-3-768x590.png",768,590,true],"large":["\/wp-content\/uploads\/2025\/11\/dimensoes-site-3-1024x786.png",1024,786,true],"1536x1536":["\/wp-content\/uploads\/2025\/11\/dimensoes-site-3.png",1250,960,false],"2048x2048":["\/wp-content\/uploads\/2025\/11\/dimensoes-site-3.png",1250,960,false],"depicter-thumbnail":["\/wp-content\/uploads\/2025\/11\/dimensoes-site-3-200x154.png",200,154,true],"ultp_layout_landscape_large":["\/wp-content\/uploads\/2025\/11\/dimensoes-site-3-1200x800.png",1200,800,true],"ultp_layout_landscape":["\/wp-content\/uploads\/2025\/11\/dimensoes-site-3-870x570.png",870,570,true],"ultp_layout_portrait":["\/wp-content\/uploads\/2025\/11\/dimensoes-site-3-600x900.png",600,900,true],"ultp_layout_square":["\/wp-content\/uploads\/2025\/11\/dimensoes-site-3-600x600.png",600,600,true]},"uagb_author_info":{"display_name":"KLX Energy","author_link":"https:\/\/www.velaxenergy.com.br\/?author=1"},"uagb_comment_info":0,"uagb_excerpt":"O Governo do Mato Grosso do Sul ir\u00e1 implantar tr\u00eas novas usinas de energia solar no estado. A implementa\u00e7\u00e3o acontecer\u00e1 [&hellip;]","rttpg_featured_image_url":{"full":["\/wp-content\/uploads\/2025\/11\/dimensoes-site-3.png",1250,960,false],"landscape":["\/wp-content\/uploads\/2025\/11\/dimensoes-site-3.png",1250,960,false],"portraits":["\/wp-content\/uploads\/2025\/11\/dimensoes-site-3.png",1250,960,false],"thumbnail":["\/wp-content\/uploads\/2025\/11\/dimensoes-site-3-150x150.png",150,150,true],"medium":["\/wp-content\/uploads\/2025\/11\/dimensoes-site-3-300x230.png",300,230,true],"large":["\/wp-content\/uploads\/2025\/11\/dimensoes-site-3-1024x786.png",1024,786,true],"1536x1536":["\/wp-content\/uploads\/2025\/11\/dimensoes-site-3.png",1250,960,false],"2048x2048":["\/wp-content\/uploads\/2025\/11\/dimensoes-site-3.png",1250,960,false],"depicter-thumbnail":["\/wp-content\/uploads\/2025\/11\/dimensoes-site-3-200x154.png",200,154,true],"ultp_layout_landscape_large":["\/wp-content\/uploads\/2025\/11\/dimensoes-site-3-1200x800.png",1200,800,true],"ultp_layout_landscape":["\/wp-content\/uploads\/2025\/11\/dimensoes-site-3-870x570.png",870,570,true],"ultp_layout_portrait":["\/wp-content\/uploads\/2025\/11\/dimensoes-site-3-600x900.png",600,900,true],"ultp_layout_square":["\/wp-content\/uploads\/2025\/11\/dimensoes-site-3-600x600.png",600,600,true]},"rttpg_author":{"display_name":"KLX Energy","author_link":"https:\/\/www.velaxenergy.com.br\/?author=1"},"rttpg_comment":0,"rttpg_category":"<a href=\"https:\/\/www.velaxenergy.com.br\/?cat=1\" rel=\"category\">Sem categoria<\/a>","rttpg_excerpt":"O Governo do Mato Grosso do Sul ir\u00e1 implantar tr\u00eas novas usinas de energia solar no estado. A implementa\u00e7\u00e3o acontecer\u00e1 [&hellip;]","_links":{"self":[{"href":"https:\/\/www.velaxenergy.com.br\/index.php?rest_route=\/wp\/v2\/posts\/810","targetHints":{"allow":["GET"]}}],"collection":[{"href":"https:\/\/www.velaxenergy.com.br\/index.php?rest_route=\/wp\/v2\/posts"}],"about":[{"href":"https:\/\/www.velaxenergy.com.br\/index.php?rest_route=\/wp\/v2\/types\/post"}],"author":[{"embeddable":true,"href":"https:\/\/www.velaxenergy.com.br\/index.php?rest_route=\/wp\/v2\/users\/1"}],"replies":[{"embeddable":true,"href":"https:\/\/www.velaxenergy.com.br\/index.php?rest_route=%2Fwp%2Fv2%2Fcomments&post=810"}],"version-history":[{"count":1,"href":"https:\/\/www.velaxenergy.com.br\/index.php?rest_route=\/wp\/v2\/posts\/810\/revisions"}],"predecessor-version":[{"id":812,"href":"https:\/\/www.velaxenergy.com.br\/index.php?rest_route=\/wp\/v2\/posts\/810\/revisions\/812"}],"wp:featuredmedia":[{"embeddable":true,"href":"https:\/\/www.velaxenergy.com.br\/index.php?rest_route=\/wp\/v2\/media\/811"}],"wp:attachment":[{"href":"https:\/\/www.velaxenergy.com.br\/index.php?rest_route=%2Fwp%2Fv2%2Fmedia&parent=810"}],"wp:term":[{"taxonomy":"category","embeddable":true,"href":"https:\/\/www.velaxenergy.com.br\/index.php?rest_route=%2Fwp%2Fv2%2Fcategories&post=810"},{"taxonomy":"post_tag","embeddable":true,"href":"https:\/\/www.velaxenergy.com.br\/index.php?rest_route=%2Fwp%2Fv2%2Ftags&post=810"}],"curies":[{"name":"wp","href":"https:\/\/api.w.org\/{rel}","templated":true}]}}