{"id":816,"date":"2025-11-24T16:06:49","date_gmt":"2025-11-24T19:06:49","guid":{"rendered":"https:\/\/klxenergy-b3gxhqg8haedbvbh.centralus-01.azurewebsites.net\/?p=816"},"modified":"2025-11-24T16:16:55","modified_gmt":"2025-11-24T19:16:55","slug":"qual-e-a-relacao-dos-brasileiros-com-a-energia-renovavel","status":"publish","type":"post","link":"https:\/\/www.velaxenergy.com.br\/?p=816","title":{"rendered":"Qual \u00e9 a rela\u00e7\u00e3o dos brasileiros com a energia renov\u00e1vel?"},"content":{"rendered":"\n<p style=\"font-size:18px\">Uma pesquisa realizada pelo portal <strong><em>Meio Filtrante<\/em><\/strong> apresentou sobre a percep\u00e7\u00e3o dos brasileiros sobre energia renov\u00e1vel. Os resultados foram respons\u00e1veis por ilustrar o seguinte pensamento: o alto valor atribu\u00eddo \u00e0s fontes limpas contra a baixa ado\u00e7\u00e3o pr\u00e1tica. Esse tipo de pesquisa \u00e9 essencial para compreender por que a transi\u00e7\u00e3o energ\u00e9tica no Brasil, mesmo sustentada por bases s\u00f3lidas, ainda enfrenta obst\u00e1culos na pr\u00e1tica cotidiana da popula\u00e7\u00e3o.<\/p>\n\n\n\n<p style=\"font-size:18px\">O estudo \u201cESG Trends 2025\u201d, realizado pela Demanda Pesquisa e Desenvolvimento de Mercado aponta que 76% dos brasileiros valorizam o uso de fontes renov\u00e1veis. Apesar disso, apenas 26% afirmam adotar essas solu\u00e7\u00f5es no dia a dia. De acordo com o presidente da Demanda, Silvio Pires de Paula, essa dist\u00e2ncia ocorre pela falta de acesso a fornecedores de energia limpa.<\/p>\n\n\n\n<p style=\"font-size:20px\"><strong><em>Principais desafios<\/em><\/strong><\/p>\n\n\n\n<p style=\"font-size:18px\">O estudo mostra que a oferta limitada de fornecedores \u00e9 um dos fatores que mais dificultam a ado\u00e7\u00e3o das renov\u00e1veis. Muitas pessoas desejam migrar, mas n\u00e3o encontram op\u00e7\u00f5es acess\u00edveis pois ainda n\u00e3o existe muita informa\u00e7\u00e3o sobre como funciona a instala\u00e7\u00e3o de sistemas solares ou outras solu\u00e7\u00f5es limpas, o que diminui as a\u00e7\u00f5es da popula\u00e7\u00e3o. O custo inicial tamb\u00e9m pesa. Mesmo com boa percep\u00e7\u00e3o sobre as fontes renov\u00e1veis, muitas fam\u00edlias entendem que o investimento \u00e9 alto, o que limita a implementa\u00e7\u00e3o.<\/p>\n\n\n\n<p style=\"font-size:20px\"><strong><em>Cen\u00e1rio energ\u00e9tico do Brasil<\/em><\/strong><\/p>\n\n\n\n<p style=\"font-size:18px\">No setor industrial, o Balan\u00e7o Energ\u00e9tico Nacional (BEN) 2025 aponta que 64,4% da energia consumida j\u00e1 \u00e9 de origem renov\u00e1vel. Esses n\u00fameros mostram que o pa\u00eds possui estrutura e potencial para ampliar ainda mais o uso de energia limpa entre as fam\u00edlias.<\/p>\n\n\n\n<p style=\"font-size:18px\">De acordo com a Confedera\u00e7\u00e3o Nacional da Ind\u00fastria (CNI), grande parte da ind\u00fastrias j\u00e1 utiliza fontes renov\u00e1veis, como solar, e\u00f3lica, biomassa ou hidrog\u00eanio de baixo carbono. l\u00e9m de reduzir emiss\u00f5es, esse movimento fortalece a reputa\u00e7\u00e3o das empresas e acompanha tend\u00eancias globais de ESG. A expans\u00e3o das tecnologias pela ind\u00fastria tamb\u00e9m contribui para tornar essas solu\u00e7\u00f5es mais acess\u00edveis \u00e0 popula\u00e7\u00e3o, reduzindo custos e ampliando o conhecimento sobre o tema.<\/p>\n\n\n\n<p style=\"font-size:20px\"><strong><em>Pensamento coletivo<\/em><\/strong><\/p>\n\n\n\n<p style=\"font-size:18px\">A diferen\u00e7a entre o que as pessoas valorizam e o que de fato praticam aponta oportunidades importantes para pol\u00edticas p\u00fablicas e estrat\u00e9gias de mercado. Se 76% dos brasileiros demonstram interesse pela energia renov\u00e1vel, existe um potencial significativo a ser desenvolvido.<\/p>\n\n\n\n<p style=\"font-size:18px\">Para avan\u00e7ar, \u00e9 necess\u00e1rio investir em educa\u00e7\u00e3o energ\u00e9tica, ampliar o acesso a fornecedores e facilitar a ado\u00e7\u00e3o por meio de incentivos, financiamentos e pol\u00edticas de redu\u00e7\u00e3o de custos. Esses esfor\u00e7os podem transformar a inten\u00e7\u00e3o em pr\u00e1tica e aproximar a popula\u00e7\u00e3o da transi\u00e7\u00e3o energ\u00e9tica j\u00e1 em andamento no pa\u00eds.<\/p>\n","protected":false},"excerpt":{"rendered":"<p>Uma pesquisa realizada pelo portal Meio Filtrante apresentou sobre a percep\u00e7\u00e3o dos brasileiros sobre energia renov\u00e1vel. Os resultados foram respons\u00e1veis [&hellip;]<\/p>\n","protected":false},"author":1,"featured_media":820,"comment_status":"closed","ping_status":"open","sticky":false,"template":"","format":"standard","meta":{"_eb_attr":"","_uag_custom_page_level_css":"","site-sidebar-layout":"default","site-content-layout":"","ast-site-content-layout":"default","site-content-style":"default","site-sidebar-style":"default","ast-global-header-display":"","ast-banner-title-visibility":"","ast-main-header-display":"","ast-hfb-above-header-display":"","ast-hfb-below-header-display":"","ast-hfb-mobile-header-display":"","site-post-title":"","ast-breadcrumbs-content":"","ast-featured-img":"","footer-sml-layout":"","theme-transparent-header-meta":"","adv-header-id-meta":"","stick-header-meta":"","header-above-stick-meta":"","header-main-stick-meta":"","header-below-stick-meta":"","astra-migrate-meta-layouts":"default","ast-page-background-enabled":"default","ast-page-background-meta":{"desktop":{"background-color":"var(--ast-global-color-5)","background-image":"","background-repeat":"repeat","background-position":"center center","background-size":"auto","background-attachment":"scroll","background-type":"","background-media":"","overlay-type":"","overlay-color":"","overlay-opacity":"","overlay-gradient":""},"tablet":{"background-color":"","background-image":"","background-repeat":"repeat","background-position":"center center","background-size":"auto","background-attachment":"scroll","background-type":"","background-media":"","overlay-type":"","overlay-color":"","overlay-opacity":"","overlay-gradient":""},"mobile":{"background-color":"","background-image":"","background-repeat":"repeat","background-position":"center center","background-size":"auto","background-attachment":"scroll","background-type":"","background-media":"","overlay-type":"","overlay-color":"","overlay-opacity":"","overlay-gradient":""}},"ast-content-background-meta":{"desktop":{"background-color":"var(--ast-global-color-4)","background-image":"","background-repeat":"repeat","background-position":"center center","background-size":"auto","background-attachment":"scroll","background-type":"","background-media":"","overlay-type":"","overlay-color":"","overlay-opacity":"","overlay-gradient":""},"tablet":{"background-color":"var(--ast-global-color-4)","background-image":"","background-repeat":"repeat","background-position":"center center","background-size":"auto","background-attachment":"scroll","background-type":"","background-media":"","overlay-type":"","overlay-color":"","overlay-opacity":"","overlay-gradient":""},"mobile":{"background-color":"var(--ast-global-color-4)","background-image":"","background-repeat":"repeat","background-position":"center center","background-size":"auto","background-attachment":"scroll","background-type":"","background-media":"","overlay-type":"","overlay-color":"","overlay-opacity":"","overlay-gradient":""}},"footnotes":""},"categories":[1],"tags":[7,24,6,5],"class_list":["post-816","post","type-post","status-publish","format-standard","has-post-thumbnail","hentry","category-sem-categoria","tag-brasil","tag-energia-sustentavel","tag-klx-energy","tag-sustentabilidade"],"uagb_featured_image_src":{"full":["\/wp-content\/uploads\/2025\/11\/dimensoes-site-1-1-scaled.png",2560,1966,false],"thumbnail":["\/wp-content\/uploads\/2025\/11\/dimensoes-site-1-1-150x150.png",150,150,true],"medium":["\/wp-content\/uploads\/2025\/11\/dimensoes-site-1-1-300x230.png",300,230,true],"medium_large":["\/wp-content\/uploads\/2025\/11\/dimensoes-site-1-1-768x590.png",768,590,true],"large":["\/wp-content\/uploads\/2025\/11\/dimensoes-site-1-1-1024x786.png",1024,786,true],"1536x1536":["\/wp-content\/uploads\/2025\/11\/dimensoes-site-1-1-1536x1180.png",1536,1180,true],"2048x2048":["\/wp-content\/uploads\/2025\/11\/dimensoes-site-1-1-2048x1573.png",2048,1573,true],"depicter-thumbnail":["\/wp-content\/uploads\/2025\/11\/dimensoes-site-1-1-200x154.png",200,154,true],"ultp_layout_landscape_large":["\/wp-content\/uploads\/2025\/11\/dimensoes-site-1-1-1200x800.png",1200,800,true],"ultp_layout_landscape":["\/wp-content\/uploads\/2025\/11\/dimensoes-site-1-1-870x570.png",870,570,true],"ultp_layout_portrait":["\/wp-content\/uploads\/2025\/11\/dimensoes-site-1-1-600x900.png",600,900,true],"ultp_layout_square":["\/wp-content\/uploads\/2025\/11\/dimensoes-site-1-1-600x600.png",600,600,true]},"uagb_author_info":{"display_name":"KLX Energy","author_link":"https:\/\/www.velaxenergy.com.br\/?author=1"},"uagb_comment_info":0,"uagb_excerpt":"Uma pesquisa realizada pelo portal Meio Filtrante apresentou sobre a percep\u00e7\u00e3o dos brasileiros sobre energia renov\u00e1vel. Os resultados foram respons\u00e1veis [&hellip;]","rttpg_featured_image_url":{"full":["\/wp-content\/uploads\/2025\/11\/dimensoes-site-1-1-scaled.png",2560,1966,false],"landscape":["\/wp-content\/uploads\/2025\/11\/dimensoes-site-1-1-scaled.png",2560,1966,false],"portraits":["\/wp-content\/uploads\/2025\/11\/dimensoes-site-1-1-scaled.png",2560,1966,false],"thumbnail":["\/wp-content\/uploads\/2025\/11\/dimensoes-site-1-1-150x150.png",150,150,true],"medium":["\/wp-content\/uploads\/2025\/11\/dimensoes-site-1-1-300x230.png",300,230,true],"large":["\/wp-content\/uploads\/2025\/11\/dimensoes-site-1-1-1024x786.png",1024,786,true],"1536x1536":["\/wp-content\/uploads\/2025\/11\/dimensoes-site-1-1-1536x1180.png",1536,1180,true],"2048x2048":["\/wp-content\/uploads\/2025\/11\/dimensoes-site-1-1-2048x1573.png",2048,1573,true],"depicter-thumbnail":["\/wp-content\/uploads\/2025\/11\/dimensoes-site-1-1-200x154.png",200,154,true],"ultp_layout_landscape_large":["\/wp-content\/uploads\/2025\/11\/dimensoes-site-1-1-1200x800.png",1200,800,true],"ultp_layout_landscape":["\/wp-content\/uploads\/2025\/11\/dimensoes-site-1-1-870x570.png",870,570,true],"ultp_layout_portrait":["\/wp-content\/uploads\/2025\/11\/dimensoes-site-1-1-600x900.png",600,900,true],"ultp_layout_square":["\/wp-content\/uploads\/2025\/11\/dimensoes-site-1-1-600x600.png",600,600,true]},"rttpg_author":{"display_name":"KLX Energy","author_link":"https:\/\/www.velaxenergy.com.br\/?author=1"},"rttpg_comment":0,"rttpg_category":"<a href=\"https:\/\/www.velaxenergy.com.br\/?cat=1\" rel=\"category\">Sem categoria<\/a>","rttpg_excerpt":"Uma pesquisa realizada pelo portal Meio Filtrante apresentou sobre a percep\u00e7\u00e3o dos brasileiros sobre energia renov\u00e1vel. Os resultados foram respons\u00e1veis [&hellip;]","_links":{"self":[{"href":"https:\/\/www.velaxenergy.com.br\/index.php?rest_route=\/wp\/v2\/posts\/816","targetHints":{"allow":["GET"]}}],"collection":[{"href":"https:\/\/www.velaxenergy.com.br\/index.php?rest_route=\/wp\/v2\/posts"}],"about":[{"href":"https:\/\/www.velaxenergy.com.br\/index.php?rest_route=\/wp\/v2\/types\/post"}],"author":[{"embeddable":true,"href":"https:\/\/www.velaxenergy.com.br\/index.php?rest_route=\/wp\/v2\/users\/1"}],"replies":[{"embeddable":true,"href":"https:\/\/www.velaxenergy.com.br\/index.php?rest_route=%2Fwp%2Fv2%2Fcomments&post=816"}],"version-history":[{"count":2,"href":"https:\/\/www.velaxenergy.com.br\/index.php?rest_route=\/wp\/v2\/posts\/816\/revisions"}],"predecessor-version":[{"id":821,"href":"https:\/\/www.velaxenergy.com.br\/index.php?rest_route=\/wp\/v2\/posts\/816\/revisions\/821"}],"wp:featuredmedia":[{"embeddable":true,"href":"https:\/\/www.velaxenergy.com.br\/index.php?rest_route=\/wp\/v2\/media\/820"}],"wp:attachment":[{"href":"https:\/\/www.velaxenergy.com.br\/index.php?rest_route=%2Fwp%2Fv2%2Fmedia&parent=816"}],"wp:term":[{"taxonomy":"category","embeddable":true,"href":"https:\/\/www.velaxenergy.com.br\/index.php?rest_route=%2Fwp%2Fv2%2Fcategories&post=816"},{"taxonomy":"post_tag","embeddable":true,"href":"https:\/\/www.velaxenergy.com.br\/index.php?rest_route=%2Fwp%2Fv2%2Ftags&post=816"}],"curies":[{"name":"wp","href":"https:\/\/api.w.org\/{rel}","templated":true}]}}