{"id":835,"date":"2026-01-16T11:20:25","date_gmt":"2026-01-16T14:20:25","guid":{"rendered":"https:\/\/klxenergy-b3gxhqg8haedbvbh.centralus-01.azurewebsites.net\/?p=835"},"modified":"2026-01-23T11:36:08","modified_gmt":"2026-01-23T14:36:08","slug":"o-brasil-avanca-em-energia-solar-e-mobilidade-eletrica","status":"publish","type":"post","link":"https:\/\/www.velaxenergy.com.br\/?p=835","title":{"rendered":"O Brasil avan\u00e7a em energia solar e mobilidade el\u00e9trica"},"content":{"rendered":"\n<p style=\"font-size:18px\">O ano de 2025 foi um dos per\u00edodos mais relevantes para o Brasil em sua trajet\u00f3ria energ\u00e9tica. A expans\u00e3o da energia solar, junto \u00e0 populariza\u00e7\u00e3o de ve\u00edculos el\u00e9tricos impactam diretamente a economia, com o crescimento de investimentos e o fortalecimento na transi\u00e7\u00e3o energ\u00e9tica.&nbsp;<\/p>\n\n\n\n<p style=\"font-size:18px\">O crescimento da energia solar e da mobilidade el\u00e9trica representam os principais pilares na transi\u00e7\u00e3o energ\u00e9tica brasileira. A gera\u00e7\u00e3o de energia por meio de pain\u00e9is fotovoltaicos geram uma energia limpa, renov\u00e1vel e competitiva de eletricidade, enquanto os ve\u00edculos el\u00e9tricos s\u00e3o capazes de reduzir as emiss\u00f5es no setor de transporte.&nbsp;<\/p>\n\n\n\n<p style=\"font-size:18px\">Hoje em dia, \u00e9 cada vez mais comum termos carros e \u00f4nibus el\u00e9tricos circulando pela cidade, assim como telhados residenciais e comerciais que possuem pain\u00e9is fotovoltaicos. Com isso, percebemos como a transi\u00e7\u00e3o energ\u00e9tica j\u00e1 est\u00e1 em nosso cotidiano e como todo esse movimento ocorre pela necessidade do mundo de reduzir a depend\u00eancia de combust\u00edveis f\u00f3sseis, gerando assim uma conscientiza\u00e7\u00e3o para uma transi\u00e7\u00e3o energ\u00e9tica eficiente.&nbsp;<\/p>\n\n\n\n<p style=\"font-size:18px\">Em 2025, o Brasil alcan\u00e7ou 43 gigawatts (GW) de pot\u00eancia atrav\u00e9s da energia solar distribu\u00edda. De acordo com a Associa\u00e7\u00e3o Brasileira de Energia Solar Fotovoltaica (Absolar), os investimentos no setor chegam a somar R$193,1 bilh\u00f5es. Esses recursos s\u00e3o respons\u00e1veis por promover toda a produ\u00e7\u00e3o da energia solar, desde a fabrica\u00e7\u00e3o dos equipamentos at\u00e9 a instala\u00e7\u00e3o e manuten\u00e7\u00e3o dos pain\u00e9is. Entretanto, os ve\u00edculos el\u00e9tricos dependem de uma fonte de energia eficiente e sustent\u00e1vel, o que refor\u00e7a o compromisso da gera\u00e7\u00e3o fotovoltaica na transi\u00e7\u00e3o energ\u00e9tica nacional.<\/p>\n\n\n\n<p style=\"font-size:18px\">A mobilidade el\u00e9trica s\u00f3 pode ser considerada sustent\u00e1vel quando est\u00e1 amparada por fontes de energia limpa. No contexto brasileiro, a abund\u00e2ncia de radia\u00e7\u00e3o solar torna a energia solar um pilar estrat\u00e9gico para esse avan\u00e7o. Assim, a mobilidade el\u00e9trica e a energia solar caminham de forma complementar, fortalecendo a expans\u00e3o da matriz energ\u00e9tica nacional e, ao mesmo tempo, estimulando a atra\u00e7\u00e3o de investimentos para fontes renov\u00e1veis.<\/p>\n\n\n\n<p style=\"font-size:20px\"><strong><em>Empregos verdes\u00a0<\/em><\/strong><\/p>\n\n\n\n<p style=\"font-size:18px\">Segundo a Absolar, o setor de energia solar \u00e9 respons\u00e1vel pela gera\u00e7\u00e3o de mais de 1,2 milh\u00e3o de empregos desde 2012. Esse dado evidencia que, al\u00e9m dos ganhos ambientais, a energia solar exerce um papel relevante no desenvolvimento econ\u00f4mico, com impacto direto em \u00e1reas como engenharia, instala\u00e7\u00e3o, log\u00edstica, financiamento e inova\u00e7\u00e3o. Ainda de acordo com a Absolar, cada megawatt instalado pode proporcionar cerca de 30 novos empregos, demonstrando o potencial da transi\u00e7\u00e3o energ\u00e9tica como auxiliar no desenvolvimento econ\u00f4mico. Ao mesmo tempo, a mobilidade el\u00e9trica tamb\u00e9m amplia oportunidades de trabalho em ind\u00fastrias automotivas, em startups de tecnologia e em servi\u00e7os ligados \u00e0 infraestrutura urbana, que fortalecem um ecossistema inovador e sustent\u00e1vel.&nbsp;&nbsp;<\/p>\n","protected":false},"excerpt":{"rendered":"<p>O ano de 2025 foi um dos per\u00edodos mais relevantes para o Brasil em sua trajet\u00f3ria energ\u00e9tica. A expans\u00e3o da [&hellip;]<\/p>\n","protected":false},"author":1,"featured_media":837,"comment_status":"open","ping_status":"open","sticky":false,"template":"","format":"standard","meta":{"_eb_attr":"","_uag_custom_page_level_css":"","site-sidebar-layout":"default","site-content-layout":"","ast-site-content-layout":"normal-width-container","site-content-style":"default","site-sidebar-style":"default","ast-global-header-display":"","ast-banner-title-visibility":"","ast-main-header-display":"","ast-hfb-above-header-display":"","ast-hfb-below-header-display":"","ast-hfb-mobile-header-display":"","site-post-title":"","ast-breadcrumbs-content":"","ast-featured-img":"","footer-sml-layout":"","theme-transparent-header-meta":"","adv-header-id-meta":"","stick-header-meta":"","header-above-stick-meta":"","header-main-stick-meta":"","header-below-stick-meta":"","astra-migrate-meta-layouts":"default","ast-page-background-enabled":"default","ast-page-background-meta":{"desktop":{"background-color":"var(--ast-global-color-5)","background-image":"","background-repeat":"repeat","background-position":"center center","background-size":"auto","background-attachment":"scroll","background-type":"","background-media":"","overlay-type":"","overlay-color":"","overlay-opacity":"","overlay-gradient":""},"tablet":{"background-color":"","background-image":"","background-repeat":"repeat","background-position":"center center","background-size":"auto","background-attachment":"scroll","background-type":"","background-media":"","overlay-type":"","overlay-color":"","overlay-opacity":"","overlay-gradient":""},"mobile":{"background-color":"","background-image":"","background-repeat":"repeat","background-position":"center center","background-size":"auto","background-attachment":"scroll","background-type":"","background-media":"","overlay-type":"","overlay-color":"","overlay-opacity":"","overlay-gradient":""}},"ast-content-background-meta":{"desktop":{"background-color":"var(--ast-global-color-4)","background-image":"","background-repeat":"repeat","background-position":"center center","background-size":"auto","background-attachment":"scroll","background-type":"","background-media":"","overlay-type":"","overlay-color":"","overlay-opacity":"","overlay-gradient":""},"tablet":{"background-color":"var(--ast-global-color-4)","background-image":"","background-repeat":"repeat","background-position":"center center","background-size":"auto","background-attachment":"scroll","background-type":"","background-media":"","overlay-type":"","overlay-color":"","overlay-opacity":"","overlay-gradient":""},"mobile":{"background-color":"var(--ast-global-color-4)","background-image":"","background-repeat":"repeat","background-position":"center center","background-size":"auto","background-attachment":"scroll","background-type":"","background-media":"","overlay-type":"","overlay-color":"","overlay-opacity":"","overlay-gradient":""}},"footnotes":""},"categories":[1],"tags":[7,6,30,5],"class_list":["post-835","post","type-post","status-publish","format-standard","has-post-thumbnail","hentry","category-sem-categoria","tag-brasil","tag-klx-energy","tag-mobilidade-eletrica","tag-sustentabilidade"],"uagb_featured_image_src":{"full":["\/wp-content\/uploads\/2026\/01\/15.png",2031,1560,false],"thumbnail":["\/wp-content\/uploads\/2026\/01\/15-150x150.png",150,150,true],"medium":["\/wp-content\/uploads\/2026\/01\/15-300x230.png",300,230,true],"medium_large":["\/wp-content\/uploads\/2026\/01\/15-768x590.png",768,590,true],"large":["\/wp-content\/uploads\/2026\/01\/15-1024x787.png",1024,787,true],"1536x1536":["\/wp-content\/uploads\/2026\/01\/15-1536x1180.png",1536,1180,true],"2048x2048":["\/wp-content\/uploads\/2026\/01\/15.png",2031,1560,false],"depicter-thumbnail":["\/wp-content\/uploads\/2026\/01\/15-200x154.png",200,154,true],"ultp_layout_landscape_large":["\/wp-content\/uploads\/2026\/01\/15-1200x800.png",1200,800,true],"ultp_layout_landscape":["\/wp-content\/uploads\/2026\/01\/15-870x570.png",870,570,true],"ultp_layout_portrait":["\/wp-content\/uploads\/2026\/01\/15-600x900.png",600,900,true],"ultp_layout_square":["\/wp-content\/uploads\/2026\/01\/15-600x600.png",600,600,true]},"uagb_author_info":{"display_name":"KLX Energy","author_link":"https:\/\/www.velaxenergy.com.br\/?author=1"},"uagb_comment_info":0,"uagb_excerpt":"O ano de 2025 foi um dos per\u00edodos mais relevantes para o Brasil em sua trajet\u00f3ria energ\u00e9tica. A expans\u00e3o da [&hellip;]","rttpg_featured_image_url":{"full":["\/wp-content\/uploads\/2026\/01\/15.png",2031,1560,false],"landscape":["\/wp-content\/uploads\/2026\/01\/15.png",2031,1560,false],"portraits":["\/wp-content\/uploads\/2026\/01\/15.png",2031,1560,false],"thumbnail":["\/wp-content\/uploads\/2026\/01\/15-150x150.png",150,150,true],"medium":["\/wp-content\/uploads\/2026\/01\/15-300x230.png",300,230,true],"large":["\/wp-content\/uploads\/2026\/01\/15-1024x787.png",1024,787,true],"1536x1536":["\/wp-content\/uploads\/2026\/01\/15-1536x1180.png",1536,1180,true],"2048x2048":["\/wp-content\/uploads\/2026\/01\/15.png",2031,1560,false],"depicter-thumbnail":["\/wp-content\/uploads\/2026\/01\/15-200x154.png",200,154,true],"ultp_layout_landscape_large":["\/wp-content\/uploads\/2026\/01\/15-1200x800.png",1200,800,true],"ultp_layout_landscape":["\/wp-content\/uploads\/2026\/01\/15-870x570.png",870,570,true],"ultp_layout_portrait":["\/wp-content\/uploads\/2026\/01\/15-600x900.png",600,900,true],"ultp_layout_square":["\/wp-content\/uploads\/2026\/01\/15-600x600.png",600,600,true]},"rttpg_author":{"display_name":"KLX Energy","author_link":"https:\/\/www.velaxenergy.com.br\/?author=1"},"rttpg_comment":0,"rttpg_category":"<a href=\"https:\/\/www.velaxenergy.com.br\/?cat=1\" rel=\"category\">Sem categoria<\/a>","rttpg_excerpt":"O ano de 2025 foi um dos per\u00edodos mais relevantes para o Brasil em sua trajet\u00f3ria energ\u00e9tica. A expans\u00e3o da [&hellip;]","_links":{"self":[{"href":"https:\/\/www.velaxenergy.com.br\/index.php?rest_route=\/wp\/v2\/posts\/835","targetHints":{"allow":["GET"]}}],"collection":[{"href":"https:\/\/www.velaxenergy.com.br\/index.php?rest_route=\/wp\/v2\/posts"}],"about":[{"href":"https:\/\/www.velaxenergy.com.br\/index.php?rest_route=\/wp\/v2\/types\/post"}],"author":[{"embeddable":true,"href":"https:\/\/www.velaxenergy.com.br\/index.php?rest_route=\/wp\/v2\/users\/1"}],"replies":[{"embeddable":true,"href":"https:\/\/www.velaxenergy.com.br\/index.php?rest_route=%2Fwp%2Fv2%2Fcomments&post=835"}],"version-history":[{"count":1,"href":"https:\/\/www.velaxenergy.com.br\/index.php?rest_route=\/wp\/v2\/posts\/835\/revisions"}],"predecessor-version":[{"id":842,"href":"https:\/\/www.velaxenergy.com.br\/index.php?rest_route=\/wp\/v2\/posts\/835\/revisions\/842"}],"wp:featuredmedia":[{"embeddable":true,"href":"https:\/\/www.velaxenergy.com.br\/index.php?rest_route=\/wp\/v2\/media\/837"}],"wp:attachment":[{"href":"https:\/\/www.velaxenergy.com.br\/index.php?rest_route=%2Fwp%2Fv2%2Fmedia&parent=835"}],"wp:term":[{"taxonomy":"category","embeddable":true,"href":"https:\/\/www.velaxenergy.com.br\/index.php?rest_route=%2Fwp%2Fv2%2Fcategories&post=835"},{"taxonomy":"post_tag","embeddable":true,"href":"https:\/\/www.velaxenergy.com.br\/index.php?rest_route=%2Fwp%2Fv2%2Ftags&post=835"}],"curies":[{"name":"wp","href":"https:\/\/api.w.org\/{rel}","templated":true}]}}