{"id":862,"date":"2026-02-26T14:36:45","date_gmt":"2026-02-26T17:36:45","guid":{"rendered":"https:\/\/klxenergy-b3gxhqg8haedbvbh.centralus-01.azurewebsites.net\/?p=862"},"modified":"2026-02-26T14:39:20","modified_gmt":"2026-02-26T17:39:20","slug":"governo-federal-lanca-edital-para-impulsionar-a-transicao-energetica","status":"publish","type":"post","link":"https:\/\/www.velaxenergy.com.br\/?p=862","title":{"rendered":"Governo federal lan\u00e7a edital para impulsionar a transi\u00e7\u00e3o energ\u00e9tica"},"content":{"rendered":"\n<p style=\"font-size:18px\">No dia 6 de fevereiro, o governo federal abriu um novo edital do programa \u201cFinep Mais Inova\u00e7\u00e3o Brasil&#8221;, voltado ao apoio de projetos em energia limpa e redu\u00e7\u00e3o de emiss\u00f5es de carbono. A iniciativa \u00e9 conduzida pelo Minist\u00e9rio da Ci\u00eancia, Tecnologia e Inova\u00e7\u00e3o (MCTI) em parceria com a Financiadora de Estudos e Projetos (Finep), e est\u00e1 aberto para receber propostas at\u00e9 31 de agosto.<\/p>\n\n\n\n<p style=\"font-size:18px\">A chamada p\u00fablica integra os \u201cProgramas Estruturantes e Mobilizadores\u201d do MCTI e faz parte do Programa de Inova\u00e7\u00e3o para a Industrializa\u00e7\u00e3o em Bases Sustent\u00e1veis. O objetivo \u00e9 incentivar o desenvolvimento tecnol\u00f3gico em \u00e1reas estrat\u00e9gicas, fortalecer a ind\u00fastria nacional e impulsionar a transi\u00e7\u00e3o energ\u00e9tica no Pa\u00eds.<\/p>\n\n\n\n<p style=\"font-size:18px\">O edital contempla oito frentes priorit\u00e1rias, com foco na gera\u00e7\u00e3o de energia de baixo carbono, incluindo fontes solar, e\u00f3lica, hidrel\u00e9trica, biomassa e nuclear. Tamb\u00e9m est\u00e3o previstas iniciativas voltadas ao hidrog\u00eanio de baixa emiss\u00e3o de carbono, abrangendo produ\u00e7\u00e3o, armazenamento e aplica\u00e7\u00e3o em processos industriais. Outro eixo estrat\u00e9gico \u00e9 o armazenamento de energia, com apoio ao desenvolvimento de baterias e sistemas mais eficientes, al\u00e9m de projetos para moderniza\u00e7\u00e3o e aumento da resili\u00eancia do setor el\u00e9trico brasileiro.<\/p>\n\n\n\n<p style=\"font-size:18px\">A chamada p\u00fablica tamb\u00e9m inclui pesquisas e solu\u00e7\u00f5es relacionadas \u00e0 biomassa para biocombust\u00edveis, diesel verde e combust\u00edvel sustent\u00e1vel de avia\u00e7\u00e3o (SAF), bem como projetos de transforma\u00e7\u00e3o de res\u00edduos em energia, como biog\u00e1s e biometano. Tecnologias de captura, armazenamento e uso de CO\u2082 e ferramentas digitais para mensura\u00e7\u00e3o de emiss\u00f5es tamb\u00e9m fazem parte das prioridades.<\/p>\n\n\n\n<p style=\"font-size:18px\">A ministra da Ci\u00eancia, Tecnologia e Inova\u00e7\u00e3o, Luciana Santos, destacou que o edital consolida a nova pol\u00edtica industrial do Pa\u00eds ao colocar a inova\u00e7\u00e3o como eixo central do desenvolvimento. Segundo ela, a iniciativa fortalece a ind\u00fastria brasileira ao incentivar solu\u00e7\u00f5es tecnol\u00f3gicas capazes de ampliar a competitividade, promover sustentabilidade e preparar o Brasil para os desafios da transi\u00e7\u00e3o energ\u00e9tica. A ministra tamb\u00e9m ressaltou que o programa amplia o suporte do poder p\u00fablico a projetos que agregam valor \u00e0s cadeias produtivas estrat\u00e9gicas, reduzem a depend\u00eancia de tecnologias externas e contribuem para a gera\u00e7\u00e3o de empregos qualificados no setor.<\/p>\n\n\n\n<p style=\"font-size:18px\">As propostas devem ser apresentadas por empresas brasileiras, obrigatoriamente em parceria com Institui\u00e7\u00f5es Cient\u00edficas, Tecnol\u00f3gicas e de Inova\u00e7\u00e3o (ICTs), conforme as diretrizes estabelecidas no edital. As informa\u00e7\u00f5es completas est\u00e3o dispon\u00edveis no site da Finep. Com essa iniciativa, o governo federal refor\u00e7a o seu compromisso com a inova\u00e7\u00e3o, a sustentabilidade e o avan\u00e7o de solu\u00e7\u00f5es que contribuam para um futuro energ\u00e9tico mais eficiente e de baixo impacto ambiental.<\/p>\n","protected":false},"excerpt":{"rendered":"<p>No dia 6 de fevereiro, o governo federal abriu um novo edital do programa \u201cFinep Mais Inova\u00e7\u00e3o Brasil&#8221;, voltado ao [&hellip;]<\/p>\n","protected":false},"author":1,"featured_media":863,"comment_status":"closed","ping_status":"open","sticky":false,"template":"","format":"standard","meta":{"_eb_attr":"","_uag_custom_page_level_css":"","site-sidebar-layout":"default","site-content-layout":"","ast-site-content-layout":"default","site-content-style":"default","site-sidebar-style":"default","ast-global-header-display":"","ast-banner-title-visibility":"","ast-main-header-display":"","ast-hfb-above-header-display":"","ast-hfb-below-header-display":"","ast-hfb-mobile-header-display":"","site-post-title":"","ast-breadcrumbs-content":"","ast-featured-img":"","footer-sml-layout":"","theme-transparent-header-meta":"","adv-header-id-meta":"","stick-header-meta":"","header-above-stick-meta":"","header-main-stick-meta":"","header-below-stick-meta":"","astra-migrate-meta-layouts":"default","ast-page-background-enabled":"default","ast-page-background-meta":{"desktop":{"background-color":"var(--ast-global-color-5)","background-image":"","background-repeat":"repeat","background-position":"center center","background-size":"auto","background-attachment":"scroll","background-type":"","background-media":"","overlay-type":"","overlay-color":"","overlay-opacity":"","overlay-gradient":""},"tablet":{"background-color":"","background-image":"","background-repeat":"repeat","background-position":"center center","background-size":"auto","background-attachment":"scroll","background-type":"","background-media":"","overlay-type":"","overlay-color":"","overlay-opacity":"","overlay-gradient":""},"mobile":{"background-color":"","background-image":"","background-repeat":"repeat","background-position":"center center","background-size":"auto","background-attachment":"scroll","background-type":"","background-media":"","overlay-type":"","overlay-color":"","overlay-opacity":"","overlay-gradient":""}},"ast-content-background-meta":{"desktop":{"background-color":"var(--ast-global-color-4)","background-image":"","background-repeat":"repeat","background-position":"center center","background-size":"auto","background-attachment":"scroll","background-type":"","background-media":"","overlay-type":"","overlay-color":"","overlay-opacity":"","overlay-gradient":""},"tablet":{"background-color":"var(--ast-global-color-4)","background-image":"","background-repeat":"repeat","background-position":"center center","background-size":"auto","background-attachment":"scroll","background-type":"","background-media":"","overlay-type":"","overlay-color":"","overlay-opacity":"","overlay-gradient":""},"mobile":{"background-color":"var(--ast-global-color-4)","background-image":"","background-repeat":"repeat","background-position":"center center","background-size":"auto","background-attachment":"scroll","background-type":"","background-media":"","overlay-type":"","overlay-color":"","overlay-opacity":"","overlay-gradient":""}},"footnotes":""},"categories":[1],"tags":[7,6,27],"class_list":["post-862","post","type-post","status-publish","format-standard","has-post-thumbnail","hentry","category-sem-categoria","tag-brasil","tag-klx-energy","tag-transicao-energetica"],"uagb_featured_image_src":{"full":["\/wp-content\/uploads\/2026\/02\/dimensoes-site-1.png",1250,960,false],"thumbnail":["\/wp-content\/uploads\/2026\/02\/dimensoes-site-1-150x150.png",150,150,true],"medium":["\/wp-content\/uploads\/2026\/02\/dimensoes-site-1-300x230.png",300,230,true],"medium_large":["\/wp-content\/uploads\/2026\/02\/dimensoes-site-1-768x590.png",768,590,true],"large":["\/wp-content\/uploads\/2026\/02\/dimensoes-site-1-1024x786.png",1024,786,true],"1536x1536":["\/wp-content\/uploads\/2026\/02\/dimensoes-site-1.png",1250,960,false],"2048x2048":["\/wp-content\/uploads\/2026\/02\/dimensoes-site-1.png",1250,960,false],"depicter-thumbnail":["\/wp-content\/uploads\/2026\/02\/dimensoes-site-1-200x154.png",200,154,true],"ultp_layout_landscape_large":["\/wp-content\/uploads\/2026\/02\/dimensoes-site-1-1200x800.png",1200,800,true],"ultp_layout_landscape":["\/wp-content\/uploads\/2026\/02\/dimensoes-site-1-870x570.png",870,570,true],"ultp_layout_portrait":["\/wp-content\/uploads\/2026\/02\/dimensoes-site-1-600x900.png",600,900,true],"ultp_layout_square":["\/wp-content\/uploads\/2026\/02\/dimensoes-site-1-600x600.png",600,600,true]},"uagb_author_info":{"display_name":"KLX Energy","author_link":"https:\/\/www.velaxenergy.com.br\/?author=1"},"uagb_comment_info":0,"uagb_excerpt":"No dia 6 de fevereiro, o governo federal abriu um novo edital do programa \u201cFinep Mais Inova\u00e7\u00e3o Brasil&#8221;, voltado ao [&hellip;]","rttpg_featured_image_url":{"full":["\/wp-content\/uploads\/2026\/02\/dimensoes-site-1.png",1250,960,false],"landscape":["\/wp-content\/uploads\/2026\/02\/dimensoes-site-1.png",1250,960,false],"portraits":["\/wp-content\/uploads\/2026\/02\/dimensoes-site-1.png",1250,960,false],"thumbnail":["\/wp-content\/uploads\/2026\/02\/dimensoes-site-1-150x150.png",150,150,true],"medium":["\/wp-content\/uploads\/2026\/02\/dimensoes-site-1-300x230.png",300,230,true],"large":["\/wp-content\/uploads\/2026\/02\/dimensoes-site-1-1024x786.png",1024,786,true],"1536x1536":["\/wp-content\/uploads\/2026\/02\/dimensoes-site-1.png",1250,960,false],"2048x2048":["\/wp-content\/uploads\/2026\/02\/dimensoes-site-1.png",1250,960,false],"depicter-thumbnail":["\/wp-content\/uploads\/2026\/02\/dimensoes-site-1-200x154.png",200,154,true],"ultp_layout_landscape_large":["\/wp-content\/uploads\/2026\/02\/dimensoes-site-1-1200x800.png",1200,800,true],"ultp_layout_landscape":["\/wp-content\/uploads\/2026\/02\/dimensoes-site-1-870x570.png",870,570,true],"ultp_layout_portrait":["\/wp-content\/uploads\/2026\/02\/dimensoes-site-1-600x900.png",600,900,true],"ultp_layout_square":["\/wp-content\/uploads\/2026\/02\/dimensoes-site-1-600x600.png",600,600,true]},"rttpg_author":{"display_name":"KLX Energy","author_link":"https:\/\/www.velaxenergy.com.br\/?author=1"},"rttpg_comment":0,"rttpg_category":"<a href=\"https:\/\/www.velaxenergy.com.br\/?cat=1\" rel=\"category\">Sem categoria<\/a>","rttpg_excerpt":"No dia 6 de fevereiro, o governo federal abriu um novo edital do programa \u201cFinep Mais Inova\u00e7\u00e3o Brasil&#8221;, voltado ao [&hellip;]","_links":{"self":[{"href":"https:\/\/www.velaxenergy.com.br\/index.php?rest_route=\/wp\/v2\/posts\/862","targetHints":{"allow":["GET"]}}],"collection":[{"href":"https:\/\/www.velaxenergy.com.br\/index.php?rest_route=\/wp\/v2\/posts"}],"about":[{"href":"https:\/\/www.velaxenergy.com.br\/index.php?rest_route=\/wp\/v2\/types\/post"}],"author":[{"embeddable":true,"href":"https:\/\/www.velaxenergy.com.br\/index.php?rest_route=\/wp\/v2\/users\/1"}],"replies":[{"embeddable":true,"href":"https:\/\/www.velaxenergy.com.br\/index.php?rest_route=%2Fwp%2Fv2%2Fcomments&post=862"}],"version-history":[{"count":2,"href":"https:\/\/www.velaxenergy.com.br\/index.php?rest_route=\/wp\/v2\/posts\/862\/revisions"}],"predecessor-version":[{"id":865,"href":"https:\/\/www.velaxenergy.com.br\/index.php?rest_route=\/wp\/v2\/posts\/862\/revisions\/865"}],"wp:featuredmedia":[{"embeddable":true,"href":"https:\/\/www.velaxenergy.com.br\/index.php?rest_route=\/wp\/v2\/media\/863"}],"wp:attachment":[{"href":"https:\/\/www.velaxenergy.com.br\/index.php?rest_route=%2Fwp%2Fv2%2Fmedia&parent=862"}],"wp:term":[{"taxonomy":"category","embeddable":true,"href":"https:\/\/www.velaxenergy.com.br\/index.php?rest_route=%2Fwp%2Fv2%2Fcategories&post=862"},{"taxonomy":"post_tag","embeddable":true,"href":"https:\/\/www.velaxenergy.com.br\/index.php?rest_route=%2Fwp%2Fv2%2Ftags&post=862"}],"curies":[{"name":"wp","href":"https:\/\/api.w.org\/{rel}","templated":true}]}}