{"id":867,"date":"2026-03-06T09:59:41","date_gmt":"2026-03-06T12:59:41","guid":{"rendered":"https:\/\/klxenergy-b3gxhqg8haedbvbh.centralus-01.azurewebsites.net\/?p=867"},"modified":"2026-03-06T09:59:55","modified_gmt":"2026-03-06T12:59:55","slug":"comissao-da-al-ba-aprova-projetos-voltados-ao-uso-consciente-da-agua-energia-solar-e-gestao-de-residuos","status":"publish","type":"post","link":"https:\/\/www.velaxenergy.com.br\/?p=867","title":{"rendered":"Comiss\u00e3o da AL-BA aprova projetos voltados ao uso consciente da \u00e1gua, energia solar e gest\u00e3o de res\u00edduos"},"content":{"rendered":"\n<p style=\"font-size:18px\">A Comiss\u00e3o de Meio Ambiente, Seca e Recursos H\u00eddricos da Assembleia Legislativa da Bahia (AL-BA) realizou, nesta quarta-feira (4), uma reuni\u00e3o na qual foram analisadas propostas voltadas \u00e0 preserva\u00e7\u00e3o ambiental e ao uso respons\u00e1vel dos recursos naturais. Durante este encontro, os parlamentares aprovaram pareceres favor\u00e1veis para quatro projetos de lei e tamb\u00e9m autorizaram a realiza\u00e7\u00e3o de dez audi\u00eancias p\u00fablicas sobre temas ambientais de interesse do estado.<\/p>\n\n\n\n<p style=\"font-size:18px\">Entre as mat\u00e9rias aprovadas, est\u00e1 o Projeto de Lei n\u00ba 22.339\/2017, que prop\u00f5e a\u00e7\u00f5es de conscientiza\u00e7\u00e3o sobre a import\u00e2ncia do uso de redutores de vaz\u00e3o de \u00e1gua em torneiras residenciais e em estabelecimentos p\u00fablicos e privados. Essa iniciativa busca incentivar pr\u00e1ticas simples que podem contribuir para a economia de \u00e1gua no dia a dia.<\/p>\n\n\n\n<p style=\"font-size:18px\">Outro projeto analisado foi o PL n\u00ba 22.063\/2016, que prev\u00ea a instala\u00e7\u00e3o de sistemas de capta\u00e7\u00e3o de energia solar e o uso de energia solar t\u00e9rmica em projetos de escolas p\u00fablicas da Bahia. A proposta tamb\u00e9m contempla a adapta\u00e7\u00e3o de escolas que j\u00e1 existem, ampliando o uso de fontes de energia renov\u00e1veis em diversas unidades de ensino.<\/p>\n\n\n\n<p style=\"font-size:18px\">Tamb\u00e9m foram aprovadas propostas relacionadas \u00e0 gest\u00e3o de res\u00edduos e ao uso racional da \u00e1gua. O PL n\u00ba 22.216\/2017 estabelece como infra\u00e7\u00e3o administrativa ambiental o descarte irregular de res\u00edduos s\u00f3lidos nas rodovias da Bahia, medida que busca refor\u00e7ar a preserva\u00e7\u00e3o ambiental e manter as estradas mais limpas e seguras. J\u00e1 o PL n\u00ba 21.889\/2016 prop\u00f5e a cria\u00e7\u00e3o de um programa de re\u00faso de \u00e1gua da chuva em postos de servi\u00e7os e abastecimento de ve\u00edculos, com o objetivo de estimular o aproveitamento de recursos h\u00eddricos.<\/p>\n\n\n\n<p style=\"font-size:18px\">Al\u00e9m desses, o projeto tamb\u00e9m incluiu na pauta o PL n\u00ba 25.402\/2024, que trata da proibi\u00e7\u00e3o do uso do m\u00e9todo de fraturamento hidr\u00e1ulico na explora\u00e7\u00e3o de jazidas de g\u00e1s de xisto, e recebeu pedido de vista durante a reuni\u00e3o. Esse procedimento permite que os parlamentares analisem a proposta com mais tempo antes de sua vota\u00e7\u00e3o final.<\/p>\n\n\n\n<p style=\"font-size:18px\">Durante a reuni\u00e3o, a comiss\u00e3o aprovou a realiza\u00e7\u00e3o de dez audi\u00eancias p\u00fablicas destinadas a ampliar o debate sobre diferentes temas ambientais. Entre os assuntos previstos est\u00e3o os impactos ambientais na Bacia do Rio Joanes, pol\u00edticas de prote\u00e7\u00e3o e bem-estar animal e a apresenta\u00e7\u00e3o de projetos de infraestrutura com poss\u00edveis impactos ambientais, como a proposta de constru\u00e7\u00e3o da ponte Salvador\u2013Itaparica. As audi\u00eancias devem reunir representantes de \u00f3rg\u00e3os p\u00fablicos, especialistas e membros da sociedade civil, com o objetivo de aprofundar as discuss\u00f5es e contribuir para o desenvolvimento de pol\u00edticas p\u00fablicas voltadas \u00e0 sustentabilidade e \u00e0 gest\u00e3o respons\u00e1vel dos recursos naturais.<\/p>\n","protected":false},"excerpt":{"rendered":"<p>A Comiss\u00e3o de Meio Ambiente, Seca e Recursos H\u00eddricos da Assembleia Legislativa da Bahia (AL-BA) realizou, nesta quarta-feira (4), uma [&hellip;]<\/p>\n","protected":false},"author":2,"featured_media":868,"comment_status":"closed","ping_status":"open","sticky":false,"template":"","format":"standard","meta":{"_eb_attr":"","_uag_custom_page_level_css":"","site-sidebar-layout":"default","site-content-layout":"","ast-site-content-layout":"normal-width-container","site-content-style":"default","site-sidebar-style":"default","ast-global-header-display":"","ast-banner-title-visibility":"","ast-main-header-display":"","ast-hfb-above-header-display":"","ast-hfb-below-header-display":"","ast-hfb-mobile-header-display":"","site-post-title":"","ast-breadcrumbs-content":"","ast-featured-img":"","footer-sml-layout":"","theme-transparent-header-meta":"","adv-header-id-meta":"","stick-header-meta":"","header-above-stick-meta":"","header-main-stick-meta":"","header-below-stick-meta":"","astra-migrate-meta-layouts":"default","ast-page-background-enabled":"default","ast-page-background-meta":{"desktop":{"background-color":"var(--ast-global-color-5)","background-image":"","background-repeat":"repeat","background-position":"center center","background-size":"auto","background-attachment":"scroll","background-type":"","background-media":"","overlay-type":"","overlay-color":"","overlay-opacity":"","overlay-gradient":""},"tablet":{"background-color":"","background-image":"","background-repeat":"repeat","background-position":"center center","background-size":"auto","background-attachment":"scroll","background-type":"","background-media":"","overlay-type":"","overlay-color":"","overlay-opacity":"","overlay-gradient":""},"mobile":{"background-color":"","background-image":"","background-repeat":"repeat","background-position":"center center","background-size":"auto","background-attachment":"scroll","background-type":"","background-media":"","overlay-type":"","overlay-color":"","overlay-opacity":"","overlay-gradient":""}},"ast-content-background-meta":{"desktop":{"background-color":"var(--ast-global-color-4)","background-image":"","background-repeat":"repeat","background-position":"center center","background-size":"auto","background-attachment":"scroll","background-type":"","background-media":"","overlay-type":"","overlay-color":"","overlay-opacity":"","overlay-gradient":""},"tablet":{"background-color":"var(--ast-global-color-4)","background-image":"","background-repeat":"repeat","background-position":"center center","background-size":"auto","background-attachment":"scroll","background-type":"","background-media":"","overlay-type":"","overlay-color":"","overlay-opacity":"","overlay-gradient":""},"mobile":{"background-color":"var(--ast-global-color-4)","background-image":"","background-repeat":"repeat","background-position":"center center","background-size":"auto","background-attachment":"scroll","background-type":"","background-media":"","overlay-type":"","overlay-color":"","overlay-opacity":"","overlay-gradient":""}},"footnotes":""},"categories":[1],"tags":[6],"class_list":["post-867","post","type-post","status-publish","format-standard","has-post-thumbnail","hentry","category-sem-categoria","tag-klx-energy"],"uagb_featured_image_src":{"full":["\/wp-content\/uploads\/2026\/03\/Energy-scaled.png",2560,1966,false],"thumbnail":["\/wp-content\/uploads\/2026\/03\/Energy-150x150.png",150,150,true],"medium":["\/wp-content\/uploads\/2026\/03\/Energy-300x230.png",300,230,true],"medium_large":["\/wp-content\/uploads\/2026\/03\/Energy-768x590.png",768,590,true],"large":["\/wp-content\/uploads\/2026\/03\/Energy-1024x786.png",1024,786,true],"1536x1536":["\/wp-content\/uploads\/2026\/03\/Energy-1536x1180.png",1536,1180,true],"2048x2048":["\/wp-content\/uploads\/2026\/03\/Energy-2048x1573.png",2048,1573,true],"depicter-thumbnail":["\/wp-content\/uploads\/2026\/03\/Energy-200x154.png",200,154,true],"ultp_layout_landscape_large":["\/wp-content\/uploads\/2026\/03\/Energy-1200x800.png",1200,800,true],"ultp_layout_landscape":["\/wp-content\/uploads\/2026\/03\/Energy-870x570.png",870,570,true],"ultp_layout_portrait":["\/wp-content\/uploads\/2026\/03\/Energy-600x900.png",600,900,true],"ultp_layout_square":["\/wp-content\/uploads\/2026\/03\/Energy-600x600.png",600,600,true]},"uagb_author_info":{"display_name":"Redatora","author_link":"https:\/\/www.velaxenergy.com.br\/?author=2"},"uagb_comment_info":0,"uagb_excerpt":"A Comiss\u00e3o de Meio Ambiente, Seca e Recursos H\u00eddricos da Assembleia Legislativa da Bahia (AL-BA) realizou, nesta quarta-feira (4), uma [&hellip;]","rttpg_featured_image_url":{"full":["\/wp-content\/uploads\/2026\/03\/Energy-scaled.png",2560,1966,false],"landscape":["\/wp-content\/uploads\/2026\/03\/Energy-scaled.png",2560,1966,false],"portraits":["\/wp-content\/uploads\/2026\/03\/Energy-scaled.png",2560,1966,false],"thumbnail":["\/wp-content\/uploads\/2026\/03\/Energy-150x150.png",150,150,true],"medium":["\/wp-content\/uploads\/2026\/03\/Energy-300x230.png",300,230,true],"large":["\/wp-content\/uploads\/2026\/03\/Energy-1024x786.png",1024,786,true],"1536x1536":["\/wp-content\/uploads\/2026\/03\/Energy-1536x1180.png",1536,1180,true],"2048x2048":["\/wp-content\/uploads\/2026\/03\/Energy-2048x1573.png",2048,1573,true],"depicter-thumbnail":["\/wp-content\/uploads\/2026\/03\/Energy-200x154.png",200,154,true],"ultp_layout_landscape_large":["\/wp-content\/uploads\/2026\/03\/Energy-1200x800.png",1200,800,true],"ultp_layout_landscape":["\/wp-content\/uploads\/2026\/03\/Energy-870x570.png",870,570,true],"ultp_layout_portrait":["\/wp-content\/uploads\/2026\/03\/Energy-600x900.png",600,900,true],"ultp_layout_square":["\/wp-content\/uploads\/2026\/03\/Energy-600x600.png",600,600,true]},"rttpg_author":{"display_name":"Redatora","author_link":"https:\/\/www.velaxenergy.com.br\/?author=2"},"rttpg_comment":0,"rttpg_category":"<a href=\"https:\/\/www.velaxenergy.com.br\/?cat=1\" rel=\"category\">Sem categoria<\/a>","rttpg_excerpt":"A Comiss\u00e3o de Meio Ambiente, Seca e Recursos H\u00eddricos da Assembleia Legislativa da Bahia (AL-BA) realizou, nesta quarta-feira (4), uma [&hellip;]","_links":{"self":[{"href":"https:\/\/www.velaxenergy.com.br\/index.php?rest_route=\/wp\/v2\/posts\/867","targetHints":{"allow":["GET"]}}],"collection":[{"href":"https:\/\/www.velaxenergy.com.br\/index.php?rest_route=\/wp\/v2\/posts"}],"about":[{"href":"https:\/\/www.velaxenergy.com.br\/index.php?rest_route=\/wp\/v2\/types\/post"}],"author":[{"embeddable":true,"href":"https:\/\/www.velaxenergy.com.br\/index.php?rest_route=\/wp\/v2\/users\/2"}],"replies":[{"embeddable":true,"href":"https:\/\/www.velaxenergy.com.br\/index.php?rest_route=%2Fwp%2Fv2%2Fcomments&post=867"}],"version-history":[{"count":1,"href":"https:\/\/www.velaxenergy.com.br\/index.php?rest_route=\/wp\/v2\/posts\/867\/revisions"}],"predecessor-version":[{"id":869,"href":"https:\/\/www.velaxenergy.com.br\/index.php?rest_route=\/wp\/v2\/posts\/867\/revisions\/869"}],"wp:featuredmedia":[{"embeddable":true,"href":"https:\/\/www.velaxenergy.com.br\/index.php?rest_route=\/wp\/v2\/media\/868"}],"wp:attachment":[{"href":"https:\/\/www.velaxenergy.com.br\/index.php?rest_route=%2Fwp%2Fv2%2Fmedia&parent=867"}],"wp:term":[{"taxonomy":"category","embeddable":true,"href":"https:\/\/www.velaxenergy.com.br\/index.php?rest_route=%2Fwp%2Fv2%2Fcategories&post=867"},{"taxonomy":"post_tag","embeddable":true,"href":"https:\/\/www.velaxenergy.com.br\/index.php?rest_route=%2Fwp%2Fv2%2Ftags&post=867"}],"curies":[{"name":"wp","href":"https:\/\/api.w.org\/{rel}","templated":true}]}}