{"id":879,"date":"2026-04-02T09:02:57","date_gmt":"2026-04-02T12:02:57","guid":{"rendered":"https:\/\/klxenergy-b3gxhqg8haedbvbh.centralus-01.azurewebsites.net\/?p=879"},"modified":"2026-04-02T09:47:27","modified_gmt":"2026-04-02T12:47:27","slug":"minas-ultrapassa-14-gw-em-energia-solar-e-reposiciona-o-brasil-no-mapa-da-transicao-energetica","status":"publish","type":"post","link":"https:\/\/www.velaxenergy.com.br\/?p=879","title":{"rendered":"Minas ultrapassa 14 GW em energia solar e reposiciona o Brasil no mapa da transi\u00e7\u00e3o energ\u00e9tica"},"content":{"rendered":"\n<p style=\"font-size:18px\">O Estado de Minas Gerais acaba de ultrapassar a marca de 14 gigawatts (GW) em gera\u00e7\u00e3o de energia solar, um feito que n\u00e3o s\u00f3 consolida o estado como protagonista nacional, mas tamb\u00e9m capaz de posicionar o pr\u00f3prio Brasil dentro da l\u00f3gica urgente de produzir energia sem esgotar o futuro. Este dado ganha outra dimens\u00e3o quando comparado a capacidade solar instalada no estado j\u00e1 superar a pot\u00eancia da Usina de Itaipu, um dos maiores s\u00edmbolos da gera\u00e7\u00e3o energ\u00e9tica na Am\u00e9rica Latina.<\/p>\n\n\n\n<p style=\"font-size:20px\"><strong>Um territ\u00f3rio que virou pot\u00eancia energ\u00e9tica<\/strong><\/p>\n\n\n\n<p style=\"font-size:18px\">Com cerca de 14,36 GW de capacidade instalada, Minas Gerais n\u00e3o apenas lidera a gera\u00e7\u00e3o solar no pa\u00eds, o Estado responde por mais de 21% de toda a capacidade nacional. Esse avan\u00e7o n\u00e3o acontece por acaso, ele \u00e9 resultado de uma combina\u00e7\u00e3o estrat\u00e9gica entre incentivo p\u00fablico, atra\u00e7\u00e3o de investimentos e uma condi\u00e7\u00e3o natural favor\u00e1vel, a alta incid\u00eancia solar em diversas regi\u00f5es do estado. Ao longo dos \u00faltimos anos, o territ\u00f3rio mineiro foi sendo redesenhado por usinas, sistemas distribu\u00eddos e projetos que transformam luz em infraestrutura, e infraestrutura em desenvolvimento. Desde 2019, bilh\u00f5es em investimentos foram direcionados ao setor, com impacto direto na gera\u00e7\u00e3o de empregos e no fortalecimento de cadeias produtivas ligadas \u00e0 energia limpa.<\/p>\n\n\n\n<p style=\"font-size:18px\">A energia solar, nesse contexto, deixa de ser apenas uma alternativa sustent\u00e1vel e passa a operar como vetor econ\u00f4mico. S\u00e3o milhares de empregos criados, novos neg\u00f3cios surgindo e uma l\u00f3gica produtiva que se reorganiza a partir de fontes renov\u00e1veis.<\/p>\n\n\n\n<p style=\"font-size:18px\">Quando um estado brasileiro passa a gerar, apenas com energia solar, o equivalente ao que muitos pa\u00edses produzem em toda a sua matriz el\u00e9trica, o debate deixa de ser t\u00e9cnico e passa a ser estrutural, se tornado tamb\u00e9m um s\u00edmbolo nacional.<\/p>\n\n\n\n<p style=\"font-size:20px\"><strong>Desafios da energia solar<\/strong><\/p>\n\n\n\n<p style=\"font-size:18px\">Como todo movimento acelerado, o crescimento da energia solar tamb\u00e9m traz desafios. A moderniza\u00e7\u00e3o da rede el\u00e9trica, a redistribui\u00e7\u00e3o de custos e a adapta\u00e7\u00e3o do sistema para uma gera\u00e7\u00e3o cada vez mais descentralizada entram no centro da discuss\u00e3o.<\/p>\n\n\n\n<p style=\"font-size:18px\">A energia que antes seguia um fluxo \u00fanico, a das grandes usinas para o consumo, hoje circula em m\u00faltiplas dire\u00e7\u00f5es, como casas e empresas e pequenos sistemas passaram a produzir e devolver energia \u00e0 rede, exigindo intelig\u00eancia, investimento e regula\u00e7\u00e3o \u00e0 altura dessa nova din\u00e2mica.<\/p>\n\n\n\n<p style=\"font-size:20px\"><strong>O que Minas Gerais espera para o futuro<\/strong><\/p>\n\n\n\n<p style=\"font-size:18px\">O marco de Minas Gerais n\u00e3o deve ser lido como um ponto de chegada, mas como um indicativo claro de dire\u00e7\u00e3o. A transi\u00e7\u00e3o energ\u00e9tica no Brasil n\u00e3o \u00e9 mais uma promessa distante pois ela j\u00e1 est\u00e1 em curso, sendo constru\u00edda em escala real, com impactos econ\u00f4micos, sociais e ambientais que se entrela\u00e7am.<\/p>\n\n\n\n<p style=\"font-size:18px\">Mais do que o volume de energia gerada, o dado evidencia um movimento concreto: o Brasil est\u00e1 conseguindo transformar seu potencial natural em solu\u00e7\u00f5es energ\u00e9ticas vi\u00e1veis, sustent\u00e1veis e cada vez mais estrat\u00e9gicas para o seu desenvolvimento.<\/p>\n","protected":false},"excerpt":{"rendered":"<p>O Estado de Minas Gerais acaba de ultrapassar a marca de 14 gigawatts (GW) em gera\u00e7\u00e3o de energia solar, um [&hellip;]<\/p>\n","protected":false},"author":1,"featured_media":880,"comment_status":"open","ping_status":"open","sticky":false,"template":"","format":"standard","meta":{"_eb_attr":"","_uag_custom_page_level_css":"","site-sidebar-layout":"default","site-content-layout":"","ast-site-content-layout":"default","site-content-style":"default","site-sidebar-style":"default","ast-global-header-display":"","ast-banner-title-visibility":"","ast-main-header-display":"","ast-hfb-above-header-display":"","ast-hfb-below-header-display":"","ast-hfb-mobile-header-display":"","site-post-title":"","ast-breadcrumbs-content":"","ast-featured-img":"","footer-sml-layout":"","theme-transparent-header-meta":"","adv-header-id-meta":"","stick-header-meta":"","header-above-stick-meta":"","header-main-stick-meta":"","header-below-stick-meta":"","astra-migrate-meta-layouts":"default","ast-page-background-enabled":"default","ast-page-background-meta":{"desktop":{"background-color":"var(--ast-global-color-5)","background-image":"","background-repeat":"repeat","background-position":"center center","background-size":"auto","background-attachment":"scroll","background-type":"","background-media":"","overlay-type":"","overlay-color":"","overlay-opacity":"","overlay-gradient":""},"tablet":{"background-color":"","background-image":"","background-repeat":"repeat","background-position":"center center","background-size":"auto","background-attachment":"scroll","background-type":"","background-media":"","overlay-type":"","overlay-color":"","overlay-opacity":"","overlay-gradient":""},"mobile":{"background-color":"","background-image":"","background-repeat":"repeat","background-position":"center center","background-size":"auto","background-attachment":"scroll","background-type":"","background-media":"","overlay-type":"","overlay-color":"","overlay-opacity":"","overlay-gradient":""}},"ast-content-background-meta":{"desktop":{"background-color":"var(--ast-global-color-4)","background-image":"","background-repeat":"repeat","background-position":"center center","background-size":"auto","background-attachment":"scroll","background-type":"","background-media":"","overlay-type":"","overlay-color":"","overlay-opacity":"","overlay-gradient":""},"tablet":{"background-color":"var(--ast-global-color-4)","background-image":"","background-repeat":"repeat","background-position":"center center","background-size":"auto","background-attachment":"scroll","background-type":"","background-media":"","overlay-type":"","overlay-color":"","overlay-opacity":"","overlay-gradient":""},"mobile":{"background-color":"var(--ast-global-color-4)","background-image":"","background-repeat":"repeat","background-position":"center center","background-size":"auto","background-attachment":"scroll","background-type":"","background-media":"","overlay-type":"","overlay-color":"","overlay-opacity":"","overlay-gradient":""}},"footnotes":""},"categories":[1],"tags":[7,8,24,6,35],"class_list":["post-879","post","type-post","status-publish","format-standard","has-post-thumbnail","hentry","category-sem-categoria","tag-brasil","tag-energia-limpa","tag-energia-sustentavel","tag-klx-energy","tag-minas-gerais"],"uagb_featured_image_src":{"full":["\/wp-content\/uploads\/2026\/04\/energia-solar-minas-scaled.png",2560,1966,false],"thumbnail":["\/wp-content\/uploads\/2026\/04\/energia-solar-minas-150x150.png",150,150,true],"medium":["\/wp-content\/uploads\/2026\/04\/energia-solar-minas-300x230.png",300,230,true],"medium_large":["\/wp-content\/uploads\/2026\/04\/energia-solar-minas-768x590.png",768,590,true],"large":["\/wp-content\/uploads\/2026\/04\/energia-solar-minas-1024x786.png",1024,786,true],"1536x1536":["\/wp-content\/uploads\/2026\/04\/energia-solar-minas-1536x1180.png",1536,1180,true],"2048x2048":["\/wp-content\/uploads\/2026\/04\/energia-solar-minas-2048x1573.png",2048,1573,true],"depicter-thumbnail":["\/wp-content\/uploads\/2026\/04\/energia-solar-minas-200x154.png",200,154,true],"ultp_layout_landscape_large":["\/wp-content\/uploads\/2026\/04\/energia-solar-minas-1200x800.png",1200,800,true],"ultp_layout_landscape":["\/wp-content\/uploads\/2026\/04\/energia-solar-minas-870x570.png",870,570,true],"ultp_layout_portrait":["\/wp-content\/uploads\/2026\/04\/energia-solar-minas-600x900.png",600,900,true],"ultp_layout_square":["\/wp-content\/uploads\/2026\/04\/energia-solar-minas-600x600.png",600,600,true]},"uagb_author_info":{"display_name":"KLX Energy","author_link":"https:\/\/www.velaxenergy.com.br\/?author=1"},"uagb_comment_info":0,"uagb_excerpt":"O Estado de Minas Gerais acaba de ultrapassar a marca de 14 gigawatts (GW) em gera\u00e7\u00e3o de energia solar, um [&hellip;]","rttpg_featured_image_url":{"full":["\/wp-content\/uploads\/2026\/04\/energia-solar-minas-scaled.png",2560,1966,false],"landscape":["\/wp-content\/uploads\/2026\/04\/energia-solar-minas-scaled.png",2560,1966,false],"portraits":["\/wp-content\/uploads\/2026\/04\/energia-solar-minas-scaled.png",2560,1966,false],"thumbnail":["\/wp-content\/uploads\/2026\/04\/energia-solar-minas-150x150.png",150,150,true],"medium":["\/wp-content\/uploads\/2026\/04\/energia-solar-minas-300x230.png",300,230,true],"large":["\/wp-content\/uploads\/2026\/04\/energia-solar-minas-1024x786.png",1024,786,true],"1536x1536":["\/wp-content\/uploads\/2026\/04\/energia-solar-minas-1536x1180.png",1536,1180,true],"2048x2048":["\/wp-content\/uploads\/2026\/04\/energia-solar-minas-2048x1573.png",2048,1573,true],"depicter-thumbnail":["\/wp-content\/uploads\/2026\/04\/energia-solar-minas-200x154.png",200,154,true],"ultp_layout_landscape_large":["\/wp-content\/uploads\/2026\/04\/energia-solar-minas-1200x800.png",1200,800,true],"ultp_layout_landscape":["\/wp-content\/uploads\/2026\/04\/energia-solar-minas-870x570.png",870,570,true],"ultp_layout_portrait":["\/wp-content\/uploads\/2026\/04\/energia-solar-minas-600x900.png",600,900,true],"ultp_layout_square":["\/wp-content\/uploads\/2026\/04\/energia-solar-minas-600x600.png",600,600,true]},"rttpg_author":{"display_name":"KLX Energy","author_link":"https:\/\/www.velaxenergy.com.br\/?author=1"},"rttpg_comment":0,"rttpg_category":"<a href=\"https:\/\/www.velaxenergy.com.br\/?cat=1\" rel=\"category\">Sem categoria<\/a>","rttpg_excerpt":"O Estado de Minas Gerais acaba de ultrapassar a marca de 14 gigawatts (GW) em gera\u00e7\u00e3o de energia solar, um [&hellip;]","_links":{"self":[{"href":"https:\/\/www.velaxenergy.com.br\/index.php?rest_route=\/wp\/v2\/posts\/879","targetHints":{"allow":["GET"]}}],"collection":[{"href":"https:\/\/www.velaxenergy.com.br\/index.php?rest_route=\/wp\/v2\/posts"}],"about":[{"href":"https:\/\/www.velaxenergy.com.br\/index.php?rest_route=\/wp\/v2\/types\/post"}],"author":[{"embeddable":true,"href":"https:\/\/www.velaxenergy.com.br\/index.php?rest_route=\/wp\/v2\/users\/1"}],"replies":[{"embeddable":true,"href":"https:\/\/www.velaxenergy.com.br\/index.php?rest_route=%2Fwp%2Fv2%2Fcomments&post=879"}],"version-history":[{"count":2,"href":"https:\/\/www.velaxenergy.com.br\/index.php?rest_route=\/wp\/v2\/posts\/879\/revisions"}],"predecessor-version":[{"id":883,"href":"https:\/\/www.velaxenergy.com.br\/index.php?rest_route=\/wp\/v2\/posts\/879\/revisions\/883"}],"wp:featuredmedia":[{"embeddable":true,"href":"https:\/\/www.velaxenergy.com.br\/index.php?rest_route=\/wp\/v2\/media\/880"}],"wp:attachment":[{"href":"https:\/\/www.velaxenergy.com.br\/index.php?rest_route=%2Fwp%2Fv2%2Fmedia&parent=879"}],"wp:term":[{"taxonomy":"category","embeddable":true,"href":"https:\/\/www.velaxenergy.com.br\/index.php?rest_route=%2Fwp%2Fv2%2Fcategories&post=879"},{"taxonomy":"post_tag","embeddable":true,"href":"https:\/\/www.velaxenergy.com.br\/index.php?rest_route=%2Fwp%2Fv2%2Ftags&post=879"}],"curies":[{"name":"wp","href":"https:\/\/api.w.org\/{rel}","templated":true}]}}