{"id":887,"date":"2026-04-16T10:54:20","date_gmt":"2026-04-16T13:54:20","guid":{"rendered":"https:\/\/klxenergy-b3gxhqg8haedbvbh.centralus-01.azurewebsites.net\/?p=887"},"modified":"2026-04-16T10:55:06","modified_gmt":"2026-04-16T13:55:06","slug":"energia-que-chega-onde-antes-nao-havia-a-amazonia-como-territorio-estrategico-da-transicao-energetica","status":"publish","type":"post","link":"https:\/\/www.velaxenergy.com.br\/?p=887","title":{"rendered":"Energia que chega onde antes n\u00e3o havia: a Amaz\u00f4nia como territ\u00f3rio estrat\u00e9gico da transi\u00e7\u00e3o energ\u00e9tica"},"content":{"rendered":"\n<p style=\"font-size:15px\">Foto: Divulga\u00e7\u00e3o\/Minist\u00e9rio da Defesa<\/p>\n\n\n\n<p style=\"font-size:18px\">Levar energia \u00e0 Amaz\u00f4nia sempre foi um desafio que vai al\u00e9m da engenharia, que tamb\u00e9m envolve log\u00edstica, soberania, presen\u00e7a do Estado e, sobretudo, respeito ao territ\u00f3rio. Em regi\u00f5es extremamente isoladas, onde o acesso depende de rios, aeronaves e longos deslocamentos, a eletricidade sempre esteve associada a solu\u00e7\u00f5es provis\u00f3rias, caras e sens\u00edveis ambientalmente.&nbsp;<\/p>\n\n\n\n<p style=\"font-size:18px\">\u00c9 nesse contexto que a instala\u00e7\u00e3o de uma usina fotovoltaica em Maturac\u00e1, no Amazonas, conduzida pelo Minist\u00e9rio da Defesa, marca um ponto de inflex\u00e3o importante: n\u00e3o apenas pela tecnologia aplicada, mas pelo modelo de desenvolvimento que representa. Localizada em uma \u00e1rea remota de S\u00e3o Gabriel da Cachoeira, na base do Pico da Neblina, Maturac\u00e1 passa a contar com um sistema de gera\u00e7\u00e3o solar capaz de fornecer energia de forma cont\u00ednua, substituindo integralmente os antigos geradores a diesel, que operam com limita\u00e7\u00f5es e alto custo log\u00edstico.<\/p>\n\n\n\n<h3 class=\"wp-block-heading\" style=\"font-size:20px\"><strong>Da depend\u00eancia do diesel \u00e0 autonomia energ\u00e9tica<\/strong><\/h3>\n\n\n\n<p style=\"font-size:18px\">Antes da implanta\u00e7\u00e3o do sistema fotovoltaico, o abastecimento energ\u00e9tico da regi\u00e3o dependia do transporte de combust\u00edvel por vias fluviais, em opera\u00e7\u00f5es complexas, demoradas e vulner\u00e1veis a condi\u00e7\u00f5es naturais. Esse modelo n\u00e3o apenas elevava os custos, como tamb\u00e9m expunha o territ\u00f3rio a riscos ambientais, como vazamentos e contamina\u00e7\u00e3o.<\/p>\n\n\n\n<p style=\"font-size:18px\">A nova usina altera essa l\u00f3gica. Com investimento aproximado de R$ 12,5 milh\u00f5es, o projeto garante maior seguran\u00e7a energ\u00e9tica e reduz significativamente a emiss\u00e3o de carbono, sendo estimada em mais de 300 toneladas de CO\u2082 evitadas por ano. Mais do que substituir uma fonte por outra, trata-se de uma mudan\u00e7a estrutural, onde o sol abundante na regi\u00e3o passa a ser o principal insumo energ\u00e9tico, reduzindo depend\u00eancias externas e custos operacionais ao longo do tempo.<\/p>\n\n\n\n<p style=\"font-size:18px\">A iniciativa integra o Programa Calha Norte, uma das principais estrat\u00e9gias do governo federal para fortalecer a presen\u00e7a institucional em \u00e1reas de fronteira. Nesse contexto, a energia deixa de ser apenas um servi\u00e7o b\u00e1sico e passa a atuar como infraestrutura essencial para viabilizar pol\u00edticas p\u00fablicas.<\/p>\n\n\n\n<p style=\"font-size:18px\">Com fornecimento cont\u00ednuo de eletricidade, a regi\u00e3o passa a experimentar impactos diretos e imediatos, como o funcionamento pleno de unidades de sa\u00fade, conserva\u00e7\u00e3o de vacinas, melhoria na seguran\u00e7a alimentar e acesso a recursos digitais. Ao mesmo tempo, a energia viabiliza a atua\u00e7\u00e3o das For\u00e7as Armadas em condi\u00e7\u00f5es mais eficientes, ampliando a capacidade operacional em uma \u00e1rea estrat\u00e9gica do territ\u00f3rio nacional.<\/p>\n\n\n\n<h3 class=\"wp-block-heading\" style=\"font-size:20px\"><strong>Tecnologia adaptada para a Amaz\u00f4nia<\/strong><\/h3>\n\n\n\n<p style=\"font-size:18px\">Implantar uma usina solar na Amaz\u00f4nia exige mais do que replicar modelos tradicionais. As condi\u00e7\u00f5es clim\u00e1ticas como a alta umidade, chuvas frequentes e calor intenso demandam equipamentos espec\u00edficos, com maior resist\u00eancia e efici\u00eancia mesmo em cen\u00e1rios de baixa incid\u00eancia solar direta.<\/p>\n\n\n\n<p style=\"font-size:18px\">O sistema instalado em Maturac\u00e1 incorpora pain\u00e9is de alto desempenho e um banco de baterias que garante armazenamento energ\u00e9tico, permitindo o fornecimento mesmo durante a noite ou per\u00edodos prolongados de chuva. Essa combina\u00e7\u00e3o entre gera\u00e7\u00e3o e armazenamento \u00e9 o que assegura a estabilidade do sistema, que \u00e9 um fator cr\u00edtico em regi\u00f5es sem conex\u00e3o com redes el\u00e9tricas convencionais.<\/p>\n\n\n\n<h3 class=\"wp-block-heading\" style=\"font-size:20px\"><strong>A energia na transforma\u00e7\u00e3o social<\/strong><\/h3>\n\n\n\n<p style=\"font-size:20px\">A chegada da energia muda a din\u00e2mica da comunidade local, majoritariamente composta por ind\u00edgenas Yanomami. A eletricidade passa a sustentar atividades que antes eram limitadas ou invi\u00e1veis, desde o armazenamento de alimentos at\u00e9 o acesso \u00e0 educa\u00e7\u00e3o digital. Al\u00e9m disso, abre espa\u00e7o para o desenvolvimento de iniciativas produtivas baseadas na bioeconomia, permitindo o processamento de insumos da floresta e agrega\u00e7\u00e3o de valor \u00e0 produ\u00e7\u00e3o local.&nbsp;<\/p>\n\n\n\n<p style=\"font-size:20px\">A usina fotovoltaica em Maturac\u00e1 n\u00e3o \u00e9 um projeto isolado, ela sinaliza um caminho. Em um momento em que a energia solar lidera a expans\u00e3o da matriz el\u00e9trica brasileira, iniciativas como essa demonstram que a transi\u00e7\u00e3o energ\u00e9tica n\u00e3o se limita a grandes centros ou projetos industriais, mas deve alcan\u00e7ar territ\u00f3rios historicamente desconectados.<\/p>\n\n\n\n<h3 class=\"wp-block-heading\" style=\"font-size:20px\"><strong>O compromisso com um futuro energ\u00e9tico mais consciente<\/strong><\/h3>\n\n\n\n<p style=\"font-size:18px\">Ao observar iniciativas como essa, torna-se evidente que o avan\u00e7o da energia limpa no Brasil passa por tr\u00eas pilares: inova\u00e7\u00e3o tecnol\u00f3gica, adapta\u00e7\u00e3o ao territ\u00f3rio e impacto social real.<\/p>\n\n\n\n<p style=\"font-size:18px\">Para a KLX Energy, esse movimento refor\u00e7a um entendimento essencial: a transi\u00e7\u00e3o energ\u00e9tica n\u00e3o \u00e9 apenas uma tend\u00eancia, mas tamb\u00e9m \u00e9 uma responsabilidade. E ela se consolida justamente quando consegue chegar onde historicamente foi mais dif\u00edcil. \u00c9 nesse encontro entre tecnologia, territ\u00f3rio e prop\u00f3sito que se constr\u00f3i um futuro energ\u00e9tico mais sustent\u00e1vel, inclusivo e verdadeiramente estrat\u00e9gico para o pa\u00eds.<\/p>\n","protected":false},"excerpt":{"rendered":"<p>Foto: Divulga\u00e7\u00e3o\/Minist\u00e9rio da Defesa Levar energia \u00e0 Amaz\u00f4nia sempre foi um desafio que vai al\u00e9m da engenharia, que tamb\u00e9m envolve [&hellip;]<\/p>\n","protected":false},"author":1,"featured_media":888,"comment_status":"closed","ping_status":"open","sticky":false,"template":"","format":"standard","meta":{"_eb_attr":"","_uag_custom_page_level_css":"","site-sidebar-layout":"default","site-content-layout":"","ast-site-content-layout":"default","site-content-style":"default","site-sidebar-style":"default","ast-global-header-display":"","ast-banner-title-visibility":"","ast-main-header-display":"","ast-hfb-above-header-display":"","ast-hfb-below-header-display":"","ast-hfb-mobile-header-display":"","site-post-title":"","ast-breadcrumbs-content":"","ast-featured-img":"","footer-sml-layout":"","theme-transparent-header-meta":"","adv-header-id-meta":"","stick-header-meta":"","header-above-stick-meta":"","header-main-stick-meta":"","header-below-stick-meta":"","astra-migrate-meta-layouts":"default","ast-page-background-enabled":"default","ast-page-background-meta":{"desktop":{"background-color":"var(--ast-global-color-5)","background-image":"","background-repeat":"repeat","background-position":"center center","background-size":"auto","background-attachment":"scroll","background-type":"","background-media":"","overlay-type":"","overlay-color":"","overlay-opacity":"","overlay-gradient":""},"tablet":{"background-color":"","background-image":"","background-repeat":"repeat","background-position":"center center","background-size":"auto","background-attachment":"scroll","background-type":"","background-media":"","overlay-type":"","overlay-color":"","overlay-opacity":"","overlay-gradient":""},"mobile":{"background-color":"","background-image":"","background-repeat":"repeat","background-position":"center center","background-size":"auto","background-attachment":"scroll","background-type":"","background-media":"","overlay-type":"","overlay-color":"","overlay-opacity":"","overlay-gradient":""}},"ast-content-background-meta":{"desktop":{"background-color":"var(--ast-global-color-4)","background-image":"","background-repeat":"repeat","background-position":"center center","background-size":"auto","background-attachment":"scroll","background-type":"","background-media":"","overlay-type":"","overlay-color":"","overlay-opacity":"","overlay-gradient":""},"tablet":{"background-color":"var(--ast-global-color-4)","background-image":"","background-repeat":"repeat","background-position":"center center","background-size":"auto","background-attachment":"scroll","background-type":"","background-media":"","overlay-type":"","overlay-color":"","overlay-opacity":"","overlay-gradient":""},"mobile":{"background-color":"var(--ast-global-color-4)","background-image":"","background-repeat":"repeat","background-position":"center center","background-size":"auto","background-attachment":"scroll","background-type":"","background-media":"","overlay-type":"","overlay-color":"","overlay-opacity":"","overlay-gradient":""}},"footnotes":""},"categories":[1],"tags":[36,7,8,6,5],"class_list":["post-887","post","type-post","status-publish","format-standard","has-post-thumbnail","hentry","category-sem-categoria","tag-amazonia","tag-brasil","tag-energia-limpa","tag-klx-energy","tag-sustentabilidade"],"uagb_featured_image_src":{"full":["\/wp-content\/uploads\/2026\/04\/Energia-que-chega-onde-antes-nao-havia-a-Amazonia-como-territorio-estrategico-da-transicao-energetica-scaled.png",2560,1972,false],"thumbnail":["\/wp-content\/uploads\/2026\/04\/Energia-que-chega-onde-antes-nao-havia-a-Amazonia-como-territorio-estrategico-da-transicao-energetica-150x150.png",150,150,true],"medium":["\/wp-content\/uploads\/2026\/04\/Energia-que-chega-onde-antes-nao-havia-a-Amazonia-como-territorio-estrategico-da-transicao-energetica-300x231.png",300,231,true],"medium_large":["\/wp-content\/uploads\/2026\/04\/Energia-que-chega-onde-antes-nao-havia-a-Amazonia-como-territorio-estrategico-da-transicao-energetica-768x592.png",768,592,true],"large":["\/wp-content\/uploads\/2026\/04\/Energia-que-chega-onde-antes-nao-havia-a-Amazonia-como-territorio-estrategico-da-transicao-energetica-1024x789.png",1024,789,true],"1536x1536":["\/wp-content\/uploads\/2026\/04\/Energia-que-chega-onde-antes-nao-havia-a-Amazonia-como-territorio-estrategico-da-transicao-energetica-1536x1183.png",1536,1183,true],"2048x2048":["\/wp-content\/uploads\/2026\/04\/Energia-que-chega-onde-antes-nao-havia-a-Amazonia-como-territorio-estrategico-da-transicao-energetica-2048x1578.png",2048,1578,true],"depicter-thumbnail":["\/wp-content\/uploads\/2026\/04\/Energia-que-chega-onde-antes-nao-havia-a-Amazonia-como-territorio-estrategico-da-transicao-energetica-200x154.png",200,154,true],"ultp_layout_landscape_large":["\/wp-content\/uploads\/2026\/04\/Energia-que-chega-onde-antes-nao-havia-a-Amazonia-como-territorio-estrategico-da-transicao-energetica-1200x800.png",1200,800,true],"ultp_layout_landscape":["\/wp-content\/uploads\/2026\/04\/Energia-que-chega-onde-antes-nao-havia-a-Amazonia-como-territorio-estrategico-da-transicao-energetica-870x570.png",870,570,true],"ultp_layout_portrait":["\/wp-content\/uploads\/2026\/04\/Energia-que-chega-onde-antes-nao-havia-a-Amazonia-como-territorio-estrategico-da-transicao-energetica-600x900.png",600,900,true],"ultp_layout_square":["\/wp-content\/uploads\/2026\/04\/Energia-que-chega-onde-antes-nao-havia-a-Amazonia-como-territorio-estrategico-da-transicao-energetica-600x600.png",600,600,true]},"uagb_author_info":{"display_name":"KLX Energy","author_link":"https:\/\/www.velaxenergy.com.br\/?author=1"},"uagb_comment_info":0,"uagb_excerpt":"Foto: Divulga\u00e7\u00e3o\/Minist\u00e9rio da Defesa Levar energia \u00e0 Amaz\u00f4nia sempre foi um desafio que vai al\u00e9m da engenharia, que tamb\u00e9m envolve [&hellip;]","rttpg_featured_image_url":{"full":["\/wp-content\/uploads\/2026\/04\/Energia-que-chega-onde-antes-nao-havia-a-Amazonia-como-territorio-estrategico-da-transicao-energetica-scaled.png",2560,1972,false],"landscape":["\/wp-content\/uploads\/2026\/04\/Energia-que-chega-onde-antes-nao-havia-a-Amazonia-como-territorio-estrategico-da-transicao-energetica-scaled.png",2560,1972,false],"portraits":["\/wp-content\/uploads\/2026\/04\/Energia-que-chega-onde-antes-nao-havia-a-Amazonia-como-territorio-estrategico-da-transicao-energetica-scaled.png",2560,1972,false],"thumbnail":["\/wp-content\/uploads\/2026\/04\/Energia-que-chega-onde-antes-nao-havia-a-Amazonia-como-territorio-estrategico-da-transicao-energetica-150x150.png",150,150,true],"medium":["\/wp-content\/uploads\/2026\/04\/Energia-que-chega-onde-antes-nao-havia-a-Amazonia-como-territorio-estrategico-da-transicao-energetica-300x231.png",300,231,true],"large":["\/wp-content\/uploads\/2026\/04\/Energia-que-chega-onde-antes-nao-havia-a-Amazonia-como-territorio-estrategico-da-transicao-energetica-1024x789.png",1024,789,true],"1536x1536":["\/wp-content\/uploads\/2026\/04\/Energia-que-chega-onde-antes-nao-havia-a-Amazonia-como-territorio-estrategico-da-transicao-energetica-1536x1183.png",1536,1183,true],"2048x2048":["\/wp-content\/uploads\/2026\/04\/Energia-que-chega-onde-antes-nao-havia-a-Amazonia-como-territorio-estrategico-da-transicao-energetica-2048x1578.png",2048,1578,true],"depicter-thumbnail":["\/wp-content\/uploads\/2026\/04\/Energia-que-chega-onde-antes-nao-havia-a-Amazonia-como-territorio-estrategico-da-transicao-energetica-200x154.png",200,154,true],"ultp_layout_landscape_large":["\/wp-content\/uploads\/2026\/04\/Energia-que-chega-onde-antes-nao-havia-a-Amazonia-como-territorio-estrategico-da-transicao-energetica-1200x800.png",1200,800,true],"ultp_layout_landscape":["\/wp-content\/uploads\/2026\/04\/Energia-que-chega-onde-antes-nao-havia-a-Amazonia-como-territorio-estrategico-da-transicao-energetica-870x570.png",870,570,true],"ultp_layout_portrait":["\/wp-content\/uploads\/2026\/04\/Energia-que-chega-onde-antes-nao-havia-a-Amazonia-como-territorio-estrategico-da-transicao-energetica-600x900.png",600,900,true],"ultp_layout_square":["\/wp-content\/uploads\/2026\/04\/Energia-que-chega-onde-antes-nao-havia-a-Amazonia-como-territorio-estrategico-da-transicao-energetica-600x600.png",600,600,true]},"rttpg_author":{"display_name":"KLX Energy","author_link":"https:\/\/www.velaxenergy.com.br\/?author=1"},"rttpg_comment":0,"rttpg_category":"<a href=\"https:\/\/www.velaxenergy.com.br\/?cat=1\" rel=\"category\">Sem categoria<\/a>","rttpg_excerpt":"Foto: Divulga\u00e7\u00e3o\/Minist\u00e9rio da Defesa Levar energia \u00e0 Amaz\u00f4nia sempre foi um desafio que vai al\u00e9m da engenharia, que tamb\u00e9m envolve [&hellip;]","_links":{"self":[{"href":"https:\/\/www.velaxenergy.com.br\/index.php?rest_route=\/wp\/v2\/posts\/887","targetHints":{"allow":["GET"]}}],"collection":[{"href":"https:\/\/www.velaxenergy.com.br\/index.php?rest_route=\/wp\/v2\/posts"}],"about":[{"href":"https:\/\/www.velaxenergy.com.br\/index.php?rest_route=\/wp\/v2\/types\/post"}],"author":[{"embeddable":true,"href":"https:\/\/www.velaxenergy.com.br\/index.php?rest_route=\/wp\/v2\/users\/1"}],"replies":[{"embeddable":true,"href":"https:\/\/www.velaxenergy.com.br\/index.php?rest_route=%2Fwp%2Fv2%2Fcomments&post=887"}],"version-history":[{"count":2,"href":"https:\/\/www.velaxenergy.com.br\/index.php?rest_route=\/wp\/v2\/posts\/887\/revisions"}],"predecessor-version":[{"id":890,"href":"https:\/\/www.velaxenergy.com.br\/index.php?rest_route=\/wp\/v2\/posts\/887\/revisions\/890"}],"wp:featuredmedia":[{"embeddable":true,"href":"https:\/\/www.velaxenergy.com.br\/index.php?rest_route=\/wp\/v2\/media\/888"}],"wp:attachment":[{"href":"https:\/\/www.velaxenergy.com.br\/index.php?rest_route=%2Fwp%2Fv2%2Fmedia&parent=887"}],"wp:term":[{"taxonomy":"category","embeddable":true,"href":"https:\/\/www.velaxenergy.com.br\/index.php?rest_route=%2Fwp%2Fv2%2Fcategories&post=887"},{"taxonomy":"post_tag","embeddable":true,"href":"https:\/\/www.velaxenergy.com.br\/index.php?rest_route=%2Fwp%2Fv2%2Ftags&post=887"}],"curies":[{"name":"wp","href":"https:\/\/api.w.org\/{rel}","templated":true}]}}